{"id":30349,"date":"2026-03-09T15:39:22","date_gmt":"2026-03-09T18:39:22","guid":{"rendered":"https:\/\/www.esportesbrasilia.com.br\/noticias\/?p=30349"},"modified":"2026-03-09T15:39:22","modified_gmt":"2026-03-09T18:39:22","slug":"henrique-rocha-vence-adolfo-daniel-vallejo-e-conquista-o-challenger-de-brasilia","status":"publish","type":"post","link":"https:\/\/www.esportesbrasilia.com.br\/noticias\/outros\/henrique-rocha-vence-adolfo-daniel-vallejo-e-conquista-o-challenger-de-brasilia.html","title":{"rendered":"Henrique Rocha vence Adolfo Daniel Vallejo e conquista o Challenger de Bras\u00edlia"},"content":{"rendered":"\n<p>O portugu\u00eas venceu por 2 sets a 0 e ficou com o t\u00edtulo<br>Cr\u00e9ditos: Luiz C\u00e2ndido\/ @luizcandidoluzpress<br><em>Por Gustavo Figueredo<\/em><\/p>\n\n\n\n<p>Neste domingo (8), o portugu\u00eas Henrique Rocha entrou em quadra para disputar a final do Challenger 75 de Bras\u00edlia contra o cabe\u00e7a de chave e favorito Adolfo Daniel Vallejo. Melhor para o tenista europeu, que venceu por 2 sets a 0, com parciais de 6\/4 e 6\/4, e levantou o trof\u00e9u na capital federal.<br><\/p>\n\n\n\n<p>Para chegar \u00e0 decis\u00e3o, Rocha havia superado o brasileiro Thiago Monteiro na semifinal. J\u00e1 na final, manteve o bom n\u00edvel apresentado durante toda a semana e confirmou o t\u00edtulo, somando 75 pontos no ranking e subindo para a 138\u00aa posi\u00e7\u00e3o do mundo.<\/p>\n\n\n\n<figure class=\"wp-block-image size-large\"><img loading=\"lazy\" decoding=\"async\" width=\"1024\" height=\"682\" src=\"https:\/\/www.esportesbrasilia.com.br\/noticias\/wp-content\/uploads\/Foto-1-1024x682.jpeg\" alt=\"\" class=\"wp-image-30351\" srcset=\"https:\/\/www.esportesbrasilia.com.br\/noticias\/wp-content\/uploads\/Foto-1-1024x682.jpeg 1024w, https:\/\/www.esportesbrasilia.com.br\/noticias\/wp-content\/uploads\/Foto-1-300x200.jpeg 300w, https:\/\/www.esportesbrasilia.com.br\/noticias\/wp-content\/uploads\/Foto-1-768x512.jpeg 768w, https:\/\/www.esportesbrasilia.com.br\/noticias\/wp-content\/uploads\/Foto-1-1536x1023.jpeg 1536w, https:\/\/www.esportesbrasilia.com.br\/noticias\/wp-content\/uploads\/Foto-1.jpeg 1600w\" sizes=\"auto, (max-width: 1024px) 100vw, 1024px\" \/><\/figure>\n\n\n\n<p>Cr\u00e9ditos: Luiz C\u00e2ndido\/ @luizcandidoluzpress<\/p>\n\n\n\n<h2 class=\"wp-block-heading\">O jogo<\/h2>\n\n\n\n<p><br>O in\u00edcio da partida foi equilibrado, com ambos os atletas confirmando seus games de saque. Mais s\u00f3lido nas trocas de fundo de quadra, o portugu\u00eas buscava sustentar os pontos e pressionar o advers\u00e1rio. A estrat\u00e9gia deu resultado no sexto game, quando aproveitou uma brecha do paraguaio para conseguir a quebra de saque e abrir 4 a 2.<\/p>\n\n\n\n<p><br>Quando tudo parecia encaminhado para o europeu na primeira parcial, Vallejo reagiu. O paraguaio conseguiu devolver a quebra, com direito a um belo backhand na paralela, empatando o set em 5 a 5. Apesar da rea\u00e7\u00e3o, a solidez do portugu\u00eas voltou a aparecer nos momentos decisivos. Mais consistente nos pontos finais, Rocha fechou a parcial em 6\/4.<\/p>\n\n\n\n<p><br>No segundo set, os dois jogadores foram bastante eficazes em seus servi\u00e7os, sem oferecer muitas oportunidades de quebra. O confronto caminhava para um poss\u00edvel tie-break, com ambos mantendo o equil\u00edbrio. No entanto, no momento decisivo, o portugu\u00eas voltou a crescer. Ap\u00f3s abrir 5 a 4, aproveitou um momento de queda do advers\u00e1rio no 10\u00ba game. Mesmo depois de Vallejo abrir 40-0, o paraguaio perdeu cinco pontos consecutivos, permitindo o (6\/4) e garantindo o t\u00edtulo para Rocha.<\/p>\n\n\n\n<figure class=\"wp-block-image size-large\"><img loading=\"lazy\" decoding=\"async\" width=\"1024\" height=\"682\" src=\"https:\/\/www.esportesbrasilia.com.br\/noticias\/wp-content\/uploads\/Foto-2-1024x682.jpeg\" alt=\"\" class=\"wp-image-30352\" srcset=\"https:\/\/www.esportesbrasilia.com.br\/noticias\/wp-content\/uploads\/Foto-2-1024x682.jpeg 1024w, https:\/\/www.esportesbrasilia.com.br\/noticias\/wp-content\/uploads\/Foto-2-300x200.jpeg 300w, https:\/\/www.esportesbrasilia.com.br\/noticias\/wp-content\/uploads\/Foto-2-768x512.jpeg 768w, https:\/\/www.esportesbrasilia.com.br\/noticias\/wp-content\/uploads\/Foto-2-1536x1023.jpeg 1536w, https:\/\/www.esportesbrasilia.com.br\/noticias\/wp-content\/uploads\/Foto-2.jpeg 1600w\" sizes=\"auto, (max-width: 1024px) 100vw, 1024px\" \/><\/figure>\n\n\n\n<p>Cr\u00e9ditos: Luiz C\u00e2ndido\/ @luizcandidoluzpress<\/p>\n\n\n\n<p><br>Com a conquista, o tenista portugu\u00eas chega ao terceiro t\u00edtulo de Challenger da carreira. O \u00faltimo havia sido levantado em novembro de 2025, no torneio de Matsuyama, no Jap\u00e3o.<br><br>Depois da final, o campe\u00e3o comentou sobre a import\u00e2ncia da conquista.<br>\u201cT\u00f4 muito feliz. Foi uma semana muito positiva. Fui melhorando jogo ap\u00f3s jogo. \u00c9 um sentimento muito bom pra mim, que me faz acreditar ainda mais no meu trabalho e continuar fazendo. Quero aproveitar este momento, mas tamb\u00e9m seguir trabalhando para Santiago. Agora \u00e9 tempo de descansar um pouco e acalmar os \u00e2nimos.\u201d<\/p>\n\n\n\n<p><\/p>\n","protected":false},"excerpt":{"rendered":"<p>O portugu\u00eas venceu por 2 sets a 0 e ficou com o t\u00edtuloCr\u00e9ditos: Luiz C\u00e2ndido\/ @luizcandidoluzpressPor Gustavo Figueredo Neste domingo (8), o portugu\u00eas Henrique Rocha entrou em quadra para disputar a final do Challenger 75 de Bras\u00edlia contra o cabe\u00e7a de chave e favorito Adolfo Daniel Vallejo. Melhor para o tenista europeu, que venceu por [&hellip;]<\/p>\n","protected":false},"author":37,"featured_media":30350,"comment_status":"closed","ping_status":"closed","sticky":false,"template":"","format":"standard","meta":{"footnotes":""},"categories":[2],"tags":[],"class_list":["post-30349","post","type-post","status-publish","format-standard","has-post-thumbnail","hentry","category-outros"],"_links":{"self":[{"href":"https:\/\/www.esportesbrasilia.com.br\/noticias\/wp-json\/wp\/v2\/posts\/30349","targetHints":{"allow":["GET"]}}],"collection":[{"href":"https:\/\/www.esportesbrasilia.com.br\/noticias\/wp-json\/wp\/v2\/posts"}],"about":[{"href":"https:\/\/www.esportesbrasilia.com.br\/noticias\/wp-json\/wp\/v2\/types\/post"}],"author":[{"embeddable":true,"href":"https:\/\/www.esportesbrasilia.com.br\/noticias\/wp-json\/wp\/v2\/users\/37"}],"replies":[{"embeddable":true,"href":"https:\/\/www.esportesbrasilia.com.br\/noticias\/wp-json\/wp\/v2\/comments?post=30349"}],"version-history":[{"count":1,"href":"https:\/\/www.esportesbrasilia.com.br\/noticias\/wp-json\/wp\/v2\/posts\/30349\/revisions"}],"predecessor-version":[{"id":30353,"href":"https:\/\/www.esportesbrasilia.com.br\/noticias\/wp-json\/wp\/v2\/posts\/30349\/revisions\/30353"}],"wp:featuredmedia":[{"embeddable":true,"href":"https:\/\/www.esportesbrasilia.com.br\/noticias\/wp-json\/wp\/v2\/media\/30350"}],"wp:attachment":[{"href":"https:\/\/www.esportesbrasilia.com.br\/noticias\/wp-json\/wp\/v2\/media?parent=30349"}],"wp:term":[{"taxonomy":"category","embeddable":true,"href":"https:\/\/www.esportesbrasilia.com.br\/noticias\/wp-json\/wp\/v2\/categories?post=30349"},{"taxonomy":"post_tag","embeddable":true,"href":"https:\/\/www.esportesbrasilia.com.br\/noticias\/wp-json\/wp\/v2\/tags?post=30349"}],"curies":[{"name":"wp","href":"https:\/\/api.w.org\/{rel}","templated":true}]}}