{"id":2945,"date":"2016-08-16T21:22:27","date_gmt":"2016-08-17T00:22:27","guid":{"rendered":"http:\/\/www.esportesbrasilia.com.br\/noticias\/?p=2945"},"modified":"2016-08-17T09:32:38","modified_gmt":"2016-08-17T12:32:38","slug":"robson-conceicao-conquista-primeiro-ouro-da-historia-do-boxe-brasileiro","status":"publish","type":"post","link":"https:\/\/www.esportesbrasilia.com.br\/noticias\/rio2016\/robson-conceicao-conquista-primeiro-ouro-da-historia-do-boxe-brasileiro.html","title":{"rendered":"Robson Concei\u00e7\u00e3o conquista primeiro ouro da hist\u00f3ria do boxe brasileiro"},"content":{"rendered":"<p>O boxeador brasileiro Robson Concei\u00e7\u00e3o conquistou a terceira medalha de ouro para o Brasil na Olimp\u00edadas Rio 2016, na noite desta ter\u00e7a-feira (16).<\/p>\n<p>A vit\u00f3ria foi sobre o franc\u00eas Sofiane Oumiha na categoria Peso ligeiro, at\u00e9 60 Kg. A torcida que lotou o Pavilh\u00e3o 6, no Riocentro, apoiou o baiano de 27 anos para a vit\u00f3ria desde o in\u00edcio do combate com gritos e c\u00e2nticos.<\/p>\n<div id=\"attachment_2946\" style=\"width: 650px\" class=\"wp-caption aligncenter\"><img loading=\"lazy\" decoding=\"async\" aria-describedby=\"caption-attachment-2946\" class=\"size-large wp-image-2946\" src=\"https:\/\/www.esportesbrasilia.com.br\/noticias\/wp-content\/uploads\/robsonconceicao_fernandofrazao_agbrasil-1-1024x683.jpg\" alt=\"Robson Concei\u00e7\u00e3o sagrou-se campe\u00e3o por decis\u00e3o un\u00e2nime - Foto: Fernando Fraz\u00e3o\/Ag\u00eancia Brasil\" width=\"640\" height=\"427\" srcset=\"https:\/\/www.esportesbrasilia.com.br\/noticias\/wp-content\/uploads\/robsonconceicao_fernandofrazao_agbrasil-1-1024x683.jpg 1024w, https:\/\/www.esportesbrasilia.com.br\/noticias\/wp-content\/uploads\/robsonconceicao_fernandofrazao_agbrasil-1-300x200.jpg 300w, https:\/\/www.esportesbrasilia.com.br\/noticias\/wp-content\/uploads\/robsonconceicao_fernandofrazao_agbrasil-1-768x512.jpg 768w, https:\/\/www.esportesbrasilia.com.br\/noticias\/wp-content\/uploads\/robsonconceicao_fernandofrazao_agbrasil-1-696x464.jpg 696w, https:\/\/www.esportesbrasilia.com.br\/noticias\/wp-content\/uploads\/robsonconceicao_fernandofrazao_agbrasil-1-1068x712.jpg 1068w, https:\/\/www.esportesbrasilia.com.br\/noticias\/wp-content\/uploads\/robsonconceicao_fernandofrazao_agbrasil-1-630x420.jpg 630w\" sizes=\"auto, (max-width: 640px) 100vw, 640px\" \/><p id=\"caption-attachment-2946\" class=\"wp-caption-text\">Robson Concei\u00e7\u00e3o sagrou-se campe\u00e3o por decis\u00e3o un\u00e2nime &#8211; Foto: Fernando Fraz\u00e3o\/Ag\u00eancia Brasil<\/p><\/div>\n<p>Robson dominou a luta com golpes r\u00e1pidos e boa esquiva, impedindo as investidas do advers\u00e1rio e foi considerado vencedor do combate pelos ju\u00edzes por unanimidade.<\/p>\n<p>Esta \u00e9 a primeira medalha de ouro no boxe Ol\u00edmpico brasileiro. Antes, Serv\u00edlio de Oliveira de\u00a0 conquistou o bronze nos Jogos do M\u00e9xico, em 1968, Esquiva Falc\u00e3o ganhou a prata em Londres 2012, mesmo ano em que seu\u00a0 irm\u00e3o Yamaguchi Falc\u00e3o e Adriana Ara\u00fajo levaram medalha de bronze.<\/p>\n","protected":false},"excerpt":{"rendered":"<p>O boxeador brasileiro Robson Concei\u00e7\u00e3o conquistou a terceira medalha de ouro para o Brasil na Olimp\u00edadas Rio 2016, na noite desta ter\u00e7a-feira (16). A vit\u00f3ria foi sobre o franc\u00eas Sofiane Oumiha na categoria Peso ligeiro, at\u00e9 60 Kg. A torcida que lotou o Pavilh\u00e3o 6, no Riocentro, apoiou o baiano de 27 anos para a [&hellip;]<\/p>\n","protected":false},"author":13,"featured_media":2946,"comment_status":"open","ping_status":"closed","sticky":false,"template":"","format":"standard","meta":{"footnotes":""},"categories":[28],"tags":[],"class_list":["post-2945","post","type-post","status-publish","format-standard","has-post-thumbnail","hentry","category-rio2016"],"_links":{"self":[{"href":"https:\/\/www.esportesbrasilia.com.br\/noticias\/wp-json\/wp\/v2\/posts\/2945","targetHints":{"allow":["GET"]}}],"collection":[{"href":"https:\/\/www.esportesbrasilia.com.br\/noticias\/wp-json\/wp\/v2\/posts"}],"about":[{"href":"https:\/\/www.esportesbrasilia.com.br\/noticias\/wp-json\/wp\/v2\/types\/post"}],"author":[{"embeddable":true,"href":"https:\/\/www.esportesbrasilia.com.br\/noticias\/wp-json\/wp\/v2\/users\/13"}],"replies":[{"embeddable":true,"href":"https:\/\/www.esportesbrasilia.com.br\/noticias\/wp-json\/wp\/v2\/comments?post=2945"}],"version-history":[{"count":2,"href":"https:\/\/www.esportesbrasilia.com.br\/noticias\/wp-json\/wp\/v2\/posts\/2945\/revisions"}],"predecessor-version":[{"id":2948,"href":"https:\/\/www.esportesbrasilia.com.br\/noticias\/wp-json\/wp\/v2\/posts\/2945\/revisions\/2948"}],"wp:featuredmedia":[{"embeddable":true,"href":"https:\/\/www.esportesbrasilia.com.br\/noticias\/wp-json\/wp\/v2\/media\/2946"}],"wp:attachment":[{"href":"https:\/\/www.esportesbrasilia.com.br\/noticias\/wp-json\/wp\/v2\/media?parent=2945"}],"wp:term":[{"taxonomy":"category","embeddable":true,"href":"https:\/\/www.esportesbrasilia.com.br\/noticias\/wp-json\/wp\/v2\/categories?post=2945"},{"taxonomy":"post_tag","embeddable":true,"href":"https:\/\/www.esportesbrasilia.com.br\/noticias\/wp-json\/wp\/v2\/tags?post=2945"}],"curies":[{"name":"wp","href":"https:\/\/api.w.org\/{rel}","templated":true}]}}