{"id":29420,"date":"2025-12-02T14:42:30","date_gmt":"2025-12-02T17:42:30","guid":{"rendered":"https:\/\/www.esportesbrasilia.com.br\/noticias\/?p=29420"},"modified":"2025-12-02T14:42:31","modified_gmt":"2025-12-02T17:42:31","slug":"ceilandia-ec-anuncia-vini-torres-meia-de-19-anos-para-2026","status":"publish","type":"post","link":"https:\/\/www.esportesbrasilia.com.br\/noticias\/futebol\/ceilandia-ec-anuncia-vini-torres-meia-de-19-anos-para-2026.html","title":{"rendered":"Ceil\u00e2ndia EC anuncia Vini Torres, meia de 19 anos, para 2026"},"content":{"rendered":"\n<p>Na manh\u00e3 desta ter\u00e7a-feira (02\/12), o Ceil\u00e2ndia EC oficializou a contrata\u00e7\u00e3o de Vini Torres, meia de 19 anos, como seu primeiro refor\u00e7o para a temporada de 2026. A informa\u00e7\u00e3o foi divulgada pelas redes sociais do clube.<\/p>\n\n\n\n<p>Vini chega ao Gato Preto com passagem pelas categorias de base do Cana\u00e3 EC nas temporadas 2024 e 2025, e experi\u00eancia na terceira divis\u00e3o do futebol goiano defendendo o Pires do Rio. <\/p>\n\n\n\n<h2 class=\"wp-block-heading\">Adelson de Almeida segue como treinador<\/h2>\n\n\n\n<p>O t\u00e9cnico Adelson de Almeida permanece no comando do Ceil\u00e2ndia para 2026. Com 55 anos, Adelson tem longa hist\u00f3ria com o clube e j\u00e1 conquistou o t\u00edtulo do estadual Campeonato Brasiliense (Candang\u00e3o) por tr\u00eas vezes: 2010, 2012 e 2024. <\/p>\n\n\n\n<p>Sob o comando do treinador, o clube j\u00e1 disputou competi\u00e7\u00f5es nacionais, como o Campeonato Brasileiro S\u00e9rie D, a Copa do Brasil e a Copa Verde.<\/p>\n\n\n\n<p>Se depender da confian\u00e7a da diretoria e da identifica\u00e7\u00e3o com o elenco, o Ceil\u00e2ndia chega a 2026 com uma base t\u00e9cnica conhecida e renova\u00e7\u00e3o no plantel.<\/p>\n\n\n\n<p><\/p>\n\n\n\n<p><\/p>\n\n\n\n<p><\/p>\n","protected":false},"excerpt":{"rendered":"<p>Na manh\u00e3 desta ter\u00e7a-feira (02\/12), o Ceil\u00e2ndia EC oficializou a contrata\u00e7\u00e3o de Vini Torres, meia de 19 anos, como seu primeiro refor\u00e7o para a temporada de 2026. A informa\u00e7\u00e3o foi divulgada pelas redes sociais do clube. Vini chega ao Gato Preto com passagem pelas categorias de base do Cana\u00e3 EC nas temporadas 2024 e 2025, [&hellip;]<\/p>\n","protected":false},"author":53,"featured_media":22864,"comment_status":"closed","ping_status":"closed","sticky":false,"template":"","format":"standard","meta":{"footnotes":""},"categories":[8],"tags":[38,40],"class_list":["post-29420","post","type-post","status-publish","format-standard","has-post-thumbnail","hentry","category-futebol","tag-candangao","tag-ceilandia"],"_links":{"self":[{"href":"https:\/\/www.esportesbrasilia.com.br\/noticias\/wp-json\/wp\/v2\/posts\/29420","targetHints":{"allow":["GET"]}}],"collection":[{"href":"https:\/\/www.esportesbrasilia.com.br\/noticias\/wp-json\/wp\/v2\/posts"}],"about":[{"href":"https:\/\/www.esportesbrasilia.com.br\/noticias\/wp-json\/wp\/v2\/types\/post"}],"author":[{"embeddable":true,"href":"https:\/\/www.esportesbrasilia.com.br\/noticias\/wp-json\/wp\/v2\/users\/53"}],"replies":[{"embeddable":true,"href":"https:\/\/www.esportesbrasilia.com.br\/noticias\/wp-json\/wp\/v2\/comments?post=29420"}],"version-history":[{"count":1,"href":"https:\/\/www.esportesbrasilia.com.br\/noticias\/wp-json\/wp\/v2\/posts\/29420\/revisions"}],"predecessor-version":[{"id":29421,"href":"https:\/\/www.esportesbrasilia.com.br\/noticias\/wp-json\/wp\/v2\/posts\/29420\/revisions\/29421"}],"wp:featuredmedia":[{"embeddable":true,"href":"https:\/\/www.esportesbrasilia.com.br\/noticias\/wp-json\/wp\/v2\/media\/22864"}],"wp:attachment":[{"href":"https:\/\/www.esportesbrasilia.com.br\/noticias\/wp-json\/wp\/v2\/media?parent=29420"}],"wp:term":[{"taxonomy":"category","embeddable":true,"href":"https:\/\/www.esportesbrasilia.com.br\/noticias\/wp-json\/wp\/v2\/categories?post=29420"},{"taxonomy":"post_tag","embeddable":true,"href":"https:\/\/www.esportesbrasilia.com.br\/noticias\/wp-json\/wp\/v2\/tags?post=29420"}],"curies":[{"name":"wp","href":"https:\/\/api.w.org\/{rel}","templated":true}]}}