{"id":29358,"date":"2025-11-18T11:19:31","date_gmt":"2025-11-18T14:19:31","guid":{"rendered":"https:\/\/www.esportesbrasilia.com.br\/noticias\/?p=29358"},"modified":"2025-11-18T11:19:31","modified_gmt":"2025-11-18T14:19:31","slug":"na-estreia-da-competicao-minas-brasilia-garante-o-titulo-no-sub-15-feminino","status":"publish","type":"post","link":"https:\/\/www.esportesbrasilia.com.br\/noticias\/futebol\/na-estreia-da-competicao-minas-brasilia-garante-o-titulo-no-sub-15-feminino.html","title":{"rendered":"Na estreia da competi\u00e7\u00e3o, Minas Bras\u00edlia garante o t\u00edtulo no Sub-15 Feminino"},"content":{"rendered":"\n<p>Cr\u00e9ditos: Diller Abreu\/ FFDF<\/p>\n\n\n\n<p>Na estreia da modalidade em campeonato promovido pela Federa\u00e7\u00e3o de Futebol do Distrito Federal (FFDF), as primeiras campe\u00e3s do Feminino Sub-15 s\u00e3o as jovens do Minas Bras\u00edlia. No Est\u00e1dio Abadi\u00e3o, as &#8220;Minas&#8221; ganharam por 7&#215;1 contra o Ceil\u00e2ndia e garantiram mais um t\u00edtulo na temporada para a equipe, campe\u00e3 no Profissional e no Sub-17.<\/p>\n\n\n\n<p>As respons\u00e1veis pela goleada foram Ana Beatriz, Duda, Giovanna, Layssa e Sophia (2 gols), enquanto Lav\u00ednia fez belo gol de honra para o Ceil\u00e2ndia.<\/p>\n\n\n\n<p>A disputa de terceiro lugar ficou para o duelo entre Legi\u00e3o e Schalke12. A partida foi disputada antes da final, tamb\u00e9m na Ceil\u00e2ndia, e fechou em 3&#215;0 para o Le\u00e3o, com gols de Esther, Sara e um contra. Tamb\u00e9m disputaram o campeonato piloto Cruzeiro e Cresspom.<\/p>\n\n\n\n<p>Tanto as campe\u00e3s. quanto a terceira colocada, terminaram invictas, tendo empatado sem gols na primeira rodada. O fim da temporada na categoria de base do Minas Bras\u00edlia se encerrar\u00e1 com a participa\u00e7\u00e3o do sub-20, de 3 at\u00e9 20\/12, no grupo B (Jequitib\u00e1 Rosa, no Est\u00e1dio Nicolau Alayon, em S\u00e3o Paulo capital) com Ferrovi\u00e1ria, Internacional e Centro Ol\u00edmpico (SP).<\/p>\n","protected":false},"excerpt":{"rendered":"<p>Cr\u00e9ditos: Diller Abreu\/ FFDF Na estreia da modalidade em campeonato promovido pela Federa\u00e7\u00e3o de Futebol do Distrito Federal (FFDF), as primeiras campe\u00e3s do Feminino Sub-15 s\u00e3o as jovens do Minas Bras\u00edlia. No Est\u00e1dio Abadi\u00e3o, as &#8220;Minas&#8221; ganharam por 7&#215;1 contra o Ceil\u00e2ndia e garantiram mais um t\u00edtulo na temporada para a equipe, campe\u00e3 no Profissional [&hellip;]<\/p>\n","protected":false},"author":37,"featured_media":29360,"comment_status":"closed","ping_status":"closed","sticky":false,"template":"","format":"standard","meta":{"footnotes":""},"categories":[8],"tags":[],"class_list":["post-29358","post","type-post","status-publish","format-standard","has-post-thumbnail","hentry","category-futebol"],"_links":{"self":[{"href":"https:\/\/www.esportesbrasilia.com.br\/noticias\/wp-json\/wp\/v2\/posts\/29358","targetHints":{"allow":["GET"]}}],"collection":[{"href":"https:\/\/www.esportesbrasilia.com.br\/noticias\/wp-json\/wp\/v2\/posts"}],"about":[{"href":"https:\/\/www.esportesbrasilia.com.br\/noticias\/wp-json\/wp\/v2\/types\/post"}],"author":[{"embeddable":true,"href":"https:\/\/www.esportesbrasilia.com.br\/noticias\/wp-json\/wp\/v2\/users\/37"}],"replies":[{"embeddable":true,"href":"https:\/\/www.esportesbrasilia.com.br\/noticias\/wp-json\/wp\/v2\/comments?post=29358"}],"version-history":[{"count":3,"href":"https:\/\/www.esportesbrasilia.com.br\/noticias\/wp-json\/wp\/v2\/posts\/29358\/revisions"}],"predecessor-version":[{"id":29363,"href":"https:\/\/www.esportesbrasilia.com.br\/noticias\/wp-json\/wp\/v2\/posts\/29358\/revisions\/29363"}],"wp:featuredmedia":[{"embeddable":true,"href":"https:\/\/www.esportesbrasilia.com.br\/noticias\/wp-json\/wp\/v2\/media\/29360"}],"wp:attachment":[{"href":"https:\/\/www.esportesbrasilia.com.br\/noticias\/wp-json\/wp\/v2\/media?parent=29358"}],"wp:term":[{"taxonomy":"category","embeddable":true,"href":"https:\/\/www.esportesbrasilia.com.br\/noticias\/wp-json\/wp\/v2\/categories?post=29358"},{"taxonomy":"post_tag","embeddable":true,"href":"https:\/\/www.esportesbrasilia.com.br\/noticias\/wp-json\/wp\/v2\/tags?post=29358"}],"curies":[{"name":"wp","href":"https:\/\/api.w.org\/{rel}","templated":true}]}}