{"id":29304,"date":"2025-09-19T13:39:18","date_gmt":"2025-09-19T16:39:18","guid":{"rendered":"https:\/\/www.esportesbrasilia.com.br\/noticias\/?p=29304"},"modified":"2025-09-19T13:41:01","modified_gmt":"2025-09-19T16:41:01","slug":"brasilia-recebe-a-12a-edicao-do-evento-de-futevolei-praia-do-cerrado-2025","status":"publish","type":"post","link":"https:\/\/www.esportesbrasilia.com.br\/noticias\/outros\/brasilia-recebe-a-12a-edicao-do-evento-de-futevolei-praia-do-cerrado-2025.html","title":{"rendered":"Bras\u00edlia recebe a 12\u00aa edi\u00e7\u00e3o do evento de futev\u00f4lei Praia do Cerrado 2025"},"content":{"rendered":"\n<p>O Parque da Cidade Sarah Kubitschek ser\u00e1 o palco da 12\u00aa edi\u00e7\u00e3o do Circuito Praia do Cerrado, que acontecer\u00e1 do dia 24 a 28 de setembro. Esse \u00e9 o maior evento de futev\u00f4lei do Centro-Oeste e um dos mais relevantes do Brasil.<\/p>\n\n\n\n<p><br>Criado em 2013, o Circuito vem cumprindo a miss\u00e3o de democratizar o futev\u00f4lei na Capital Federal, transformando Bras\u00edlia em refer\u00eancia nacional da modalidade. O torneio re\u00fane mais de 400 atletas de todo o pa\u00eds, desde jovens promessas at\u00e9 campe\u00f5es mundiais, em um grande espet\u00e1culo aberto ao p\u00fablico e com transmiss\u00e3o ao vivo pelo YouTube no canal oficial do evento.<\/p>\n\n\n\n<p><br>A edi\u00e7\u00e3o deste ano contar\u00e1 com 11 categorias oficiais, contemplando todos os n\u00edveis e perfis de atletas: Profissional Masculino e Feminino, S\u00e9rie B, C, iniciantes e aprendizes (Masculino e Feminino), Misto, Master Masculino +40. Entre os atletas j\u00e1 confirmados no Profissional est\u00e3o nomes de peso como Rafael Longo &amp; Bruno Barros, Gui &amp; Tavinho, Dudu &amp; Arthur, Kibinho &amp; Saldanha, Edson Jr. &amp; Rondi, Pedrinho &amp; Paran\u00e1, Preto M\u00e1gico &amp; Neguebinha, no masculino; e Amanda &amp; Rafinha, Josy &amp; Ray, Ju Piciani &amp; Nila, Tais &amp; Lorena, Aninha &amp; Lana, Iza &amp; Rafa Ganzo, Lane &amp; Monique G\u00f3is, Mayara &amp; Didia, Nuala &amp; Sabrina, Carioca &amp; Bia, no feminino.<\/p>\n\n\n\n<p>Segundo dados da CODEPLAN, o Parque da Cidade recebe semanalmente mais de 200 mil pessoas. O Praia do Cerrado se consolidou nesse cen\u00e1rio: nas \u00faltimas tr\u00eas edi\u00e7\u00f5es, atraiu em m\u00e9dia 25 mil pessoas presencialmente e impactou mais de 500 mil pessoas nas redes sociais e transmiss\u00f5es ao vivo.<\/p>\n\n\n\n<p>\u201cNosso objetivo \u00e9 fazer de Bras\u00edlia a capital do futev\u00f4lei, conectando atletas, marcas e comunidade em um grande espet\u00e1culo esportivo, social e cultural\u201d, afirma a organiza\u00e7\u00e3o.<\/p>\n\n\n\n<p><strong>Evento:<\/strong> 12\u00aa Edi\u00e7\u00e3o do Circuito Praia do Cerrado<\/p>\n\n\n\n<p><strong>Data:<\/strong> 24 a 28 de setembro de 2025<\/p>\n\n\n\n<p><strong>Local:<\/strong> Ilha do Futev\u00f4lei \u2013 Parque da Cidade Dona Sarah Kubitschek, Bras\u00edlia \u2013 DF<\/p>\n\n\n\n<p><strong>Entrada Gratuita<\/strong><\/p>\n\n\n\n<p><strong>Transmiss\u00e3o:<\/strong> Canal oficial no YouTube \u2013 Praia do Cerrado<\/p>\n\n\n\n<p><strong>Mais informa\u00e7\u00f5es:<\/strong><\/p>\n\n\n\n<p>www.instagram.com\/circuitopraiadocerrado<\/p>\n","protected":false},"excerpt":{"rendered":"<p>O Parque da Cidade Sarah Kubitschek ser\u00e1 o palco da 12\u00aa edi\u00e7\u00e3o do Circuito Praia do Cerrado, que acontecer\u00e1 do dia 24 a 28 de setembro. Esse \u00e9 o maior evento de futev\u00f4lei do Centro-Oeste e um dos mais relevantes do Brasil. Criado em 2013, o Circuito vem cumprindo a miss\u00e3o de democratizar o futev\u00f4lei [&hellip;]<\/p>\n","protected":false},"author":53,"featured_media":29305,"comment_status":"closed","ping_status":"closed","sticky":false,"template":"","format":"standard","meta":{"footnotes":""},"categories":[2],"tags":[],"class_list":["post-29304","post","type-post","status-publish","format-standard","has-post-thumbnail","hentry","category-outros"],"_links":{"self":[{"href":"https:\/\/www.esportesbrasilia.com.br\/noticias\/wp-json\/wp\/v2\/posts\/29304","targetHints":{"allow":["GET"]}}],"collection":[{"href":"https:\/\/www.esportesbrasilia.com.br\/noticias\/wp-json\/wp\/v2\/posts"}],"about":[{"href":"https:\/\/www.esportesbrasilia.com.br\/noticias\/wp-json\/wp\/v2\/types\/post"}],"author":[{"embeddable":true,"href":"https:\/\/www.esportesbrasilia.com.br\/noticias\/wp-json\/wp\/v2\/users\/53"}],"replies":[{"embeddable":true,"href":"https:\/\/www.esportesbrasilia.com.br\/noticias\/wp-json\/wp\/v2\/comments?post=29304"}],"version-history":[{"count":2,"href":"https:\/\/www.esportesbrasilia.com.br\/noticias\/wp-json\/wp\/v2\/posts\/29304\/revisions"}],"predecessor-version":[{"id":29308,"href":"https:\/\/www.esportesbrasilia.com.br\/noticias\/wp-json\/wp\/v2\/posts\/29304\/revisions\/29308"}],"wp:featuredmedia":[{"embeddable":true,"href":"https:\/\/www.esportesbrasilia.com.br\/noticias\/wp-json\/wp\/v2\/media\/29305"}],"wp:attachment":[{"href":"https:\/\/www.esportesbrasilia.com.br\/noticias\/wp-json\/wp\/v2\/media?parent=29304"}],"wp:term":[{"taxonomy":"category","embeddable":true,"href":"https:\/\/www.esportesbrasilia.com.br\/noticias\/wp-json\/wp\/v2\/categories?post=29304"},{"taxonomy":"post_tag","embeddable":true,"href":"https:\/\/www.esportesbrasilia.com.br\/noticias\/wp-json\/wp\/v2\/tags?post=29304"}],"curies":[{"name":"wp","href":"https:\/\/api.w.org\/{rel}","templated":true}]}}