{"id":2918,"date":"2016-08-16T01:08:51","date_gmt":"2016-08-16T04:08:51","guid":{"rendered":"http:\/\/www.esportesbrasilia.com.br\/noticias\/?p=2918"},"modified":"2016-08-16T01:08:51","modified_gmt":"2016-08-16T04:08:51","slug":"thiago-braz-conquista-ouro-e-bate-recorde-olimpico-no-salto-com-vara","status":"publish","type":"post","link":"https:\/\/www.esportesbrasilia.com.br\/noticias\/rio2016\/thiago-braz-conquista-ouro-e-bate-recorde-olimpico-no-salto-com-vara.html","title":{"rendered":"Thiago Braz conquista ouro e bate recorde ol\u00edmpico no salto com vara"},"content":{"rendered":"<p>Fonte: Ag\u00eancia Brasil<\/p>\n<p>O brasileiro Thiago Braz da Silva conquistou a segunda medalha de ouro do pa\u00eds nos Jogos Rio 2016 e bateu o recorde ol\u00edmpico no salto com vara masculino em uma emocionante disputa contra o franc\u00eas Renaud Laevilleni na final da prova.<\/p>\n<p>Thiago e Laevilleni empataram com 5,93 metros para chegar \u00e0 disputa do ouro. Na hora do salto, Laevilleni conseguiu 5,98m e o brasileiro o superou com 6,03m, estabelecendo um novo recorde ol\u00edmpico.<\/p>\n<div id=\"attachment_2920\" style=\"width: 650px\" class=\"wp-caption aligncenter\"><img loading=\"lazy\" decoding=\"async\" aria-describedby=\"caption-attachment-2920\" class=\"size-large wp-image-2920\" src=\"https:\/\/www.esportesbrasilia.com.br\/noticias\/wp-content\/uploads\/thiagobraz_rio2016-1024x683.jpg\" alt=\"Thiago Braz estabeleceu o novo recorde ol\u00edmpico: 6,03m - Foto: Twitter\/Brasil2016\" width=\"640\" height=\"427\" srcset=\"https:\/\/www.esportesbrasilia.com.br\/noticias\/wp-content\/uploads\/thiagobraz_rio2016.jpg 1024w, https:\/\/www.esportesbrasilia.com.br\/noticias\/wp-content\/uploads\/thiagobraz_rio2016-300x200.jpg 300w, https:\/\/www.esportesbrasilia.com.br\/noticias\/wp-content\/uploads\/thiagobraz_rio2016-768x512.jpg 768w, https:\/\/www.esportesbrasilia.com.br\/noticias\/wp-content\/uploads\/thiagobraz_rio2016-696x464.jpg 696w, https:\/\/www.esportesbrasilia.com.br\/noticias\/wp-content\/uploads\/thiagobraz_rio2016-630x420.jpg 630w\" sizes=\"auto, (max-width: 640px) 100vw, 640px\" \/><p id=\"caption-attachment-2920\" class=\"wp-caption-text\">Thiago Braz estabeleceu o novo recorde ol\u00edmpico: 6,03m &#8211; Foto: Twitter\/Brasil2016<\/p><\/div>\n<p>O franc\u00eas fez o \u00faltimo salto tentando superar Thiago saltando para 6,08m, mas n\u00e3o conseguiu e ficou com a prata. Laeville \u00e9 detentor do recorde mundial da modalidade (6,16m), superando os 6,15m que estabelecido por Serguei Bubka em 1993. O bronze ficou com Sam Kendricks, que saltou 5,85m.<\/p>\n<p>Entre as conquistas mais recentes de Thiago est\u00e3o o primeiro lugar no Trof\u00e9u Brasil em 2015 e campe\u00e3o no Sul Americano em 2013. Ele \u00e9 natural de Mar\u00edlia, no interior de S\u00e3o Paulo, e come\u00e7ou a carreira aos 14 anos por influ\u00eancia de um tio. \u00c9 treinado por Vitaly Petrov.<\/p>\n","protected":false},"excerpt":{"rendered":"<p>Fonte: Ag\u00eancia Brasil O brasileiro Thiago Braz da Silva conquistou a segunda medalha de ouro do pa\u00eds nos Jogos Rio 2016 e bateu o recorde ol\u00edmpico no salto com vara masculino em uma emocionante disputa contra o franc\u00eas Renaud Laevilleni na final da prova. Thiago e Laevilleni empataram com 5,93 metros para chegar \u00e0 disputa [&hellip;]<\/p>\n","protected":false},"author":1,"featured_media":2919,"comment_status":"open","ping_status":"closed","sticky":false,"template":"","format":"standard","meta":{"footnotes":""},"categories":[28],"tags":[],"class_list":["post-2918","post","type-post","status-publish","format-standard","has-post-thumbnail","hentry","category-rio2016"],"_links":{"self":[{"href":"https:\/\/www.esportesbrasilia.com.br\/noticias\/wp-json\/wp\/v2\/posts\/2918","targetHints":{"allow":["GET"]}}],"collection":[{"href":"https:\/\/www.esportesbrasilia.com.br\/noticias\/wp-json\/wp\/v2\/posts"}],"about":[{"href":"https:\/\/www.esportesbrasilia.com.br\/noticias\/wp-json\/wp\/v2\/types\/post"}],"author":[{"embeddable":true,"href":"https:\/\/www.esportesbrasilia.com.br\/noticias\/wp-json\/wp\/v2\/users\/1"}],"replies":[{"embeddable":true,"href":"https:\/\/www.esportesbrasilia.com.br\/noticias\/wp-json\/wp\/v2\/comments?post=2918"}],"version-history":[{"count":1,"href":"https:\/\/www.esportesbrasilia.com.br\/noticias\/wp-json\/wp\/v2\/posts\/2918\/revisions"}],"predecessor-version":[{"id":2921,"href":"https:\/\/www.esportesbrasilia.com.br\/noticias\/wp-json\/wp\/v2\/posts\/2918\/revisions\/2921"}],"wp:featuredmedia":[{"embeddable":true,"href":"https:\/\/www.esportesbrasilia.com.br\/noticias\/wp-json\/wp\/v2\/media\/2919"}],"wp:attachment":[{"href":"https:\/\/www.esportesbrasilia.com.br\/noticias\/wp-json\/wp\/v2\/media?parent=2918"}],"wp:term":[{"taxonomy":"category","embeddable":true,"href":"https:\/\/www.esportesbrasilia.com.br\/noticias\/wp-json\/wp\/v2\/categories?post=2918"},{"taxonomy":"post_tag","embeddable":true,"href":"https:\/\/www.esportesbrasilia.com.br\/noticias\/wp-json\/wp\/v2\/tags?post=2918"}],"curies":[{"name":"wp","href":"https:\/\/api.w.org\/{rel}","templated":true}]}}