{"id":29168,"date":"2025-07-20T13:43:00","date_gmt":"2025-07-20T16:43:00","guid":{"rendered":"https:\/\/www.esportesbrasilia.com.br\/noticias\/?p=29168"},"modified":"2025-07-20T22:05:39","modified_gmt":"2025-07-21T01:05:39","slug":"definidos-os-semifinalistas-do-candangao-juniores-2025","status":"publish","type":"post","link":"https:\/\/www.esportesbrasilia.com.br\/noticias\/futebol\/definidos-os-semifinalistas-do-candangao-juniores-2025.html","title":{"rendered":"Definidos os semifinalistas do Candang\u00e3o Juniores 2025"},"content":{"rendered":"\n<p>Foto: Lu\u00e3 Tomasson\/Brasiliense FC<\/p>\n\n\n\n<p>Foram definidos, neste fim de semana, os semifinalistas da edi\u00e7\u00e3o 2025 do Candang\u00e3o Sub-20. Brasiliense, Real Bras\u00edlia, Santa Maria e Sobradinho seguir\u00e3o na briga pelas duas vagas na Copa S\u00e3o Paulo de Futebol Junior 2026.<\/p>\n\n\n\n<p>Nas semifinais, de um lado, o Brasiliense receber\u00e1 o Real Bras\u00edlia. Do outro lado, Santa Maria e Sobradinho se enfrentam.<\/p>\n\n\n\n<p>Confira como cada time se classificou para a sequ\u00eancia do Candang\u00e3o Juniores.<\/p>\n\n\n\n<p><strong>Brasiliense classificado<\/strong><\/p>\n\n\n\n<p>No jogo de ida, o Brasiliense havia vencido o Samambaia por 3&#215;0. J\u00e1 neste domingo (20), no est\u00e1dio Serej\u00e3o, o Jacar\u00e9 venceu novamente.<\/p>\n\n\n\n<p>Os gols foram marcados no segundo tempo. Aos 20 minutos, Jo\u00e3o Neres abriu o placar para o Brasiliense. J\u00e1 aos 33 minutos, Thiago anotou o 15\u00ba gol no Candang\u00e3o Sub-20 e deu n\u00fameros finais \u00e0 partida, somando 5&#215;0 no placar agregado.<\/p>\n\n\n\n<p><strong>Real Bras\u00edlia classificado<\/strong><\/p>\n\n\n\n<p>No jogo de ida, Capital e Real Bras\u00edlia se enfrentaram e o Coruja venceu por 2&#215;1. Neste s\u00e1bado (19), o Le\u00e3o do Planalto venceu pelo placar m\u00ednimo.<\/p>\n\n\n\n<p>O gol saiu aos 41 minutos do segundo tempo. Arnoon cobrou falta pela direita, a bola passou por toda a defesa e enganou o goleiro Marcos, do Capital, indo para o fundo da rede.<\/p>\n\n\n\n<p>Como o placar agregado ficou em 2&#215;2, a decis\u00e3o da vaga foi para as penalidades m\u00e1ximas. O Real Bras\u00edlia venceu por 3&#215;1 e segue na competi\u00e7\u00e3o.<\/p>\n\n\n\n<p><strong>Sobradinho classificado<\/strong><\/p>\n\n\n\n<p>Gr\u00eamio Valpara\u00edso e Sobradinho brigavam por uma das vagas nas semifinais. No jogo de ida, o Le\u00e3o da Serra venceu por 1&#215;0. J\u00e1 neste s\u00e1bado (19), os dois times se enfrentaram e o Sobradinho venceu pelo placar m\u00ednimo.<\/p>\n\n\n\n<p>Aos 43 minutos do segundo tempo, Pierry \u00e9 derrubado pelo goleiro Marcos Paulo, do Greval, e o \u00e1rbitro marca penalidade m\u00e1xima. Na cobran\u00e7a, o pr\u00f3prio Pierry colocou na rede e somou 2&#215;0 no placar agregado, confirmando o Sobradinho na sequ\u00eancia da competi\u00e7\u00e3o.<\/p>\n\n\n\n<p><strong>Santa Maria classificado<\/strong><\/p>\n\n\n\n<p>No jogo de ida, Cana\u00e3 e Santa Maria empataram em 1&#215;1. J\u00e1 no jogo da volta, neste s\u00e1bado (19) a tarde, as duas equipes repetiram o placar no est\u00e1dio Dirceuz\u00e3o, em Planaltina\/GO.<\/p>\n\n\n\n<p>Os gols sa\u00edram no primeiro tempo. Aos 13 minutos, Lucas abriu o placar para o Santa Maria. J\u00e1 aos 44 minutos, Samuel testou firme e empatou o confronto para o Cana\u00e3.<\/p>\n\n\n\n<p>Com o placar agregado em 2&#215;2, a decis\u00e3o foi para as penalidades m\u00e1ximas. O Santa Maria venceu por 4&#215;3 e garantiu a classifica\u00e7\u00e3o.<\/p>\n","protected":false},"excerpt":{"rendered":"<p>Brasiliense, Real Bras\u00edlia, Santa Maria e Sobradinho seguem na disputa das duas vagas na Copinha 2026<\/p>\n","protected":false},"author":2,"featured_media":29169,"comment_status":"closed","ping_status":"closed","sticky":false,"template":"","format":"standard","meta":{"footnotes":""},"categories":[8],"tags":[],"class_list":["post-29168","post","type-post","status-publish","format-standard","has-post-thumbnail","hentry","category-futebol"],"_links":{"self":[{"href":"https:\/\/www.esportesbrasilia.com.br\/noticias\/wp-json\/wp\/v2\/posts\/29168","targetHints":{"allow":["GET"]}}],"collection":[{"href":"https:\/\/www.esportesbrasilia.com.br\/noticias\/wp-json\/wp\/v2\/posts"}],"about":[{"href":"https:\/\/www.esportesbrasilia.com.br\/noticias\/wp-json\/wp\/v2\/types\/post"}],"author":[{"embeddable":true,"href":"https:\/\/www.esportesbrasilia.com.br\/noticias\/wp-json\/wp\/v2\/users\/2"}],"replies":[{"embeddable":true,"href":"https:\/\/www.esportesbrasilia.com.br\/noticias\/wp-json\/wp\/v2\/comments?post=29168"}],"version-history":[{"count":2,"href":"https:\/\/www.esportesbrasilia.com.br\/noticias\/wp-json\/wp\/v2\/posts\/29168\/revisions"}],"predecessor-version":[{"id":29171,"href":"https:\/\/www.esportesbrasilia.com.br\/noticias\/wp-json\/wp\/v2\/posts\/29168\/revisions\/29171"}],"wp:featuredmedia":[{"embeddable":true,"href":"https:\/\/www.esportesbrasilia.com.br\/noticias\/wp-json\/wp\/v2\/media\/29169"}],"wp:attachment":[{"href":"https:\/\/www.esportesbrasilia.com.br\/noticias\/wp-json\/wp\/v2\/media?parent=29168"}],"wp:term":[{"taxonomy":"category","embeddable":true,"href":"https:\/\/www.esportesbrasilia.com.br\/noticias\/wp-json\/wp\/v2\/categories?post=29168"},{"taxonomy":"post_tag","embeddable":true,"href":"https:\/\/www.esportesbrasilia.com.br\/noticias\/wp-json\/wp\/v2\/tags?post=29168"}],"curies":[{"name":"wp","href":"https:\/\/api.w.org\/{rel}","templated":true}]}}