{"id":29165,"date":"2025-07-21T09:27:00","date_gmt":"2025-07-21T12:27:00","guid":{"rendered":"https:\/\/www.esportesbrasilia.com.br\/noticias\/?p=29165"},"modified":"2025-07-20T21:38:02","modified_gmt":"2025-07-21T00:38:02","slug":"brasilia-basquete-promove-campanha-para-escolher-novo-terceiro-uniforme","status":"publish","type":"post","link":"https:\/\/www.esportesbrasilia.com.br\/noticias\/basquete\/brasilia-basquete-promove-campanha-para-escolher-novo-terceiro-uniforme.html","title":{"rendered":"Bras\u00edlia Basquete promove campanha para escolher novo terceiro uniforme"},"content":{"rendered":"\n<p>O Bras\u00edlia Basquete vai realizar, entre os dias 02 e 15 de agosto, a escolha do terceiro uniforme que vai utilizar para a disputa do NBB 2025\/2026.<\/p>\n\n\n\n<p>As informa\u00e7\u00f5es estar\u00e3o dispon\u00edveis na <a href=\"https:\/\/k.kwai.com\/u\/@Brasilia.basquete\/roaVDCuf\" target=\"_blank\" rel=\"noreferrer noopener\">p\u00e1gina oficial do time na plataforma Kwai<\/a>. O torcedor que quiser participar e colaborar com a participa\u00e7\u00e3o, dever\u00e1 escolher a op\u00e7\u00e3o entre as apresentadas.<\/p>\n\n\n\n<p>Os modelos que concorrem ser\u00e3o divulgados entre os dias 23 e 27 de julho.  No dia 16 de agosto, o modelo vencedor ser\u00e1 apresentado.<\/p>\n\n\n\n<p>O time quer melhorar a participa\u00e7\u00e3o obtida na temporada 2024\/2025, onde terminou a primeira fase na quarta posi\u00e7\u00e3o e foi eliminado pelo S\u00e3o Paulo FC nas oitavas de final da competi\u00e7\u00e3o, perdendo por 3&#215;1 na s\u00e9rie melhor de cinco partidas.<\/p>\n","protected":false},"excerpt":{"rendered":"<p>Chamada de &#8220;Escolha Monumental&#8221;, promo\u00e7\u00e3o definir\u00e1 o terceiro uniforme para a temporada 2025\/2026<\/p>\n","protected":false},"author":2,"featured_media":29166,"comment_status":"closed","ping_status":"closed","sticky":false,"template":"","format":"standard","meta":{"footnotes":""},"categories":[12],"tags":[],"class_list":["post-29165","post","type-post","status-publish","format-standard","has-post-thumbnail","hentry","category-basquete"],"_links":{"self":[{"href":"https:\/\/www.esportesbrasilia.com.br\/noticias\/wp-json\/wp\/v2\/posts\/29165","targetHints":{"allow":["GET"]}}],"collection":[{"href":"https:\/\/www.esportesbrasilia.com.br\/noticias\/wp-json\/wp\/v2\/posts"}],"about":[{"href":"https:\/\/www.esportesbrasilia.com.br\/noticias\/wp-json\/wp\/v2\/types\/post"}],"author":[{"embeddable":true,"href":"https:\/\/www.esportesbrasilia.com.br\/noticias\/wp-json\/wp\/v2\/users\/2"}],"replies":[{"embeddable":true,"href":"https:\/\/www.esportesbrasilia.com.br\/noticias\/wp-json\/wp\/v2\/comments?post=29165"}],"version-history":[{"count":1,"href":"https:\/\/www.esportesbrasilia.com.br\/noticias\/wp-json\/wp\/v2\/posts\/29165\/revisions"}],"predecessor-version":[{"id":29167,"href":"https:\/\/www.esportesbrasilia.com.br\/noticias\/wp-json\/wp\/v2\/posts\/29165\/revisions\/29167"}],"wp:featuredmedia":[{"embeddable":true,"href":"https:\/\/www.esportesbrasilia.com.br\/noticias\/wp-json\/wp\/v2\/media\/29166"}],"wp:attachment":[{"href":"https:\/\/www.esportesbrasilia.com.br\/noticias\/wp-json\/wp\/v2\/media?parent=29165"}],"wp:term":[{"taxonomy":"category","embeddable":true,"href":"https:\/\/www.esportesbrasilia.com.br\/noticias\/wp-json\/wp\/v2\/categories?post=29165"},{"taxonomy":"post_tag","embeddable":true,"href":"https:\/\/www.esportesbrasilia.com.br\/noticias\/wp-json\/wp\/v2\/tags?post=29165"}],"curies":[{"name":"wp","href":"https:\/\/api.w.org\/{rel}","templated":true}]}}