{"id":29133,"date":"2025-07-11T09:46:00","date_gmt":"2025-07-11T12:46:00","guid":{"rendered":"https:\/\/www.esportesbrasilia.com.br\/noticias\/?p=29133"},"modified":"2025-07-10T23:14:55","modified_gmt":"2025-07-11T02:14:55","slug":"jogadores-do-brasilia-basquete-sao-convocados-para-torneio-na-china","status":"publish","type":"post","link":"https:\/\/www.esportesbrasilia.com.br\/noticias\/basquete\/jogadores-do-brasilia-basquete-sao-convocados-para-torneio-na-china.html","title":{"rendered":"Jogadores do Bras\u00edlia Basquete s\u00e3o convocados para torneio na China"},"content":{"rendered":"\n<p>Foto: Matheus Maranh\u00e3o\/Bras\u00edlia Basquete<\/p>\n\n\n\n<p>A sele\u00e7\u00e3o brasileira de basquete vai participar do torneio Solidarity Cup, que acontecer\u00e1 entre os dias 24 e 31 de julho em Dongguan e Shenzhen, na China.<\/p>\n\n\n\n<p>Para este torneio, a Confedera\u00e7\u00e3o Brasileira de Basquete convocou dois jogadores do Bras\u00edlia Basquete. O primeiro \u00e9 o ala Daniel Von Haydin, de 25 anos.<\/p>\n\n\n\n<p>Eleito como o jogador que mais evoluiu na temporada 2024\/2025 do Novo Basquete Brasil, Von Haydin atuou na \u00faltima temporada em 31 jogos. Em m\u00e9dia, o ala obteve uma m\u00e9dia de 13.9 pontos, 2.4 assist\u00eancias e 6.4 rebotes, com uma efici\u00eancia de 16,2.<\/p>\n\n\n\n<p><strong>Primeiro refor\u00e7o do Bras\u00edlia Basquete tamb\u00e9m \u00e9 convocado<\/strong><\/p>\n\n\n\n<figure class=\"wp-block-image size-large\"><img loading=\"lazy\" decoding=\"async\" width=\"1024\" height=\"768\" src=\"https:\/\/www.esportesbrasilia.com.br\/noticias\/wp-content\/uploads\/paulichi_mauricioalmeida_vasco-1024x768.jpg\" alt=\"\" class=\"wp-image-29134\" srcset=\"https:\/\/www.esportesbrasilia.com.br\/noticias\/wp-content\/uploads\/paulichi_mauricioalmeida_vasco-1024x768.jpg 1024w, https:\/\/www.esportesbrasilia.com.br\/noticias\/wp-content\/uploads\/paulichi_mauricioalmeida_vasco-300x225.jpg 300w, https:\/\/www.esportesbrasilia.com.br\/noticias\/wp-content\/uploads\/paulichi_mauricioalmeida_vasco-768x576.jpg 768w, https:\/\/www.esportesbrasilia.com.br\/noticias\/wp-content\/uploads\/paulichi_mauricioalmeida_vasco-1536x1152.jpg 1536w, https:\/\/www.esportesbrasilia.com.br\/noticias\/wp-content\/uploads\/paulichi_mauricioalmeida_vasco-2048x1536.jpg 2048w\" sizes=\"auto, (max-width: 1024px) 100vw, 1024px\" \/><figcaption class=\"wp-element-caption\">Paulichi desembarca no Bras\u00edlia Basquete para a temporada 2025\/2026 do NBB &#8211; Foto: Mauricio Almeida\/R10 Score Vasco<\/figcaption><\/figure>\n\n\n\n<p>Al\u00e9m de Von Haydin, a primeira contrata\u00e7\u00e3o do Bras\u00edlia Basquete para a temporada 2025\/2026 do Novo Basquete Brasil tamb\u00e9m foi convocada.<\/p>\n\n\n\n<p>Trata-se do ala Rafael Paulichi, de 27 anos, que atuou nas duas \u00faltimas temporadas pelo R10 Score Vasco da Gama.<\/p>\n\n\n\n<p>Com a camisa do cruzmaltino carioca, Paulichi obteve uma m\u00e9dia de 13.9 pontos na temporada 2024\/2025, al\u00e9m de 1.3 assist\u00eancia e sete rebotes.<\/p>\n\n\n\n<p>Confira a tabela de amistosos da sele\u00e7\u00e3o brasileira de basquete, que ser\u00e1 comandada pelo t\u00e9cnico do CEISC\/Uni\u00e3o Corinthians, Rodrigo Silva:<\/p>\n\n\n\n<p>26\/07 &#8211; Brasil x Nova Zel\u00e2ndia &#8211; 06h30<br>27\/07 &#8211; Brasil x Montenegro &#8211; 08h45<br>28\/07 &#8211; Brasil x Guangdong &#8211; 08h45<br>30\/07 &#8211; Brasil x Nova Zel\u00e2ndia &#8211; 06h30<br>31\/07 &#8211; Confronto a definir.<\/p>\n\n\n\n<p>Foram convocados os seguintes jogadores:<\/p>\n\n\n\n<p>Caio de Souza Pacheco &#8211; Leyma Coru\u00f1a<br>Elio Corazza Neto &#8211; Sport Club Corinthians Paulista<br>Daniel Von Haydin &#8211; Bras\u00edlia Basquete<br>Daniel Ifedi Ferreira Onwenu &#8211; Clube de Regatas do Flamengo<br>Pedro Augusto Fernandes de Lima Pastre &#8211; Esporte Clube Pinheiros<br>Gabriel Crepaldi Volpato Galvanini &#8211; Kolossos H Hotel Collection<br>Victor Andr\u00e9 Camilo da Silva &#8211; Sport Club Corinthians<br>Rafael Paulichi &#8211; Bras\u00edlia Basquete<br>Jo\u00e3o Ricardo Neves Gluck Paul &#8211; UCAM Murcia<br>Pedro Lucas Souza Figueiredo &#8211; Saski Baskonia<br>Kayo San Thiago Manfio Gon\u00e7alves &#8211; Clube de Regatas do Flamengo<br>Bernardo Benedito Terbutino da Silva &#8211; Sem clube<\/p>\n","protected":false},"excerpt":{"rendered":"<p>Al\u00e9m de destaque do NBB 2024\/2025, novo contratado pelo Alien\u00edgena vai representar Brasil na disputa<\/p>\n","protected":false},"author":2,"featured_media":29135,"comment_status":"closed","ping_status":"closed","sticky":false,"template":"","format":"standard","meta":{"footnotes":""},"categories":[12],"tags":[],"class_list":["post-29133","post","type-post","status-publish","format-standard","has-post-thumbnail","hentry","category-basquete"],"_links":{"self":[{"href":"https:\/\/www.esportesbrasilia.com.br\/noticias\/wp-json\/wp\/v2\/posts\/29133","targetHints":{"allow":["GET"]}}],"collection":[{"href":"https:\/\/www.esportesbrasilia.com.br\/noticias\/wp-json\/wp\/v2\/posts"}],"about":[{"href":"https:\/\/www.esportesbrasilia.com.br\/noticias\/wp-json\/wp\/v2\/types\/post"}],"author":[{"embeddable":true,"href":"https:\/\/www.esportesbrasilia.com.br\/noticias\/wp-json\/wp\/v2\/users\/2"}],"replies":[{"embeddable":true,"href":"https:\/\/www.esportesbrasilia.com.br\/noticias\/wp-json\/wp\/v2\/comments?post=29133"}],"version-history":[{"count":3,"href":"https:\/\/www.esportesbrasilia.com.br\/noticias\/wp-json\/wp\/v2\/posts\/29133\/revisions"}],"predecessor-version":[{"id":29138,"href":"https:\/\/www.esportesbrasilia.com.br\/noticias\/wp-json\/wp\/v2\/posts\/29133\/revisions\/29138"}],"wp:featuredmedia":[{"embeddable":true,"href":"https:\/\/www.esportesbrasilia.com.br\/noticias\/wp-json\/wp\/v2\/media\/29135"}],"wp:attachment":[{"href":"https:\/\/www.esportesbrasilia.com.br\/noticias\/wp-json\/wp\/v2\/media?parent=29133"}],"wp:term":[{"taxonomy":"category","embeddable":true,"href":"https:\/\/www.esportesbrasilia.com.br\/noticias\/wp-json\/wp\/v2\/categories?post=29133"},{"taxonomy":"post_tag","embeddable":true,"href":"https:\/\/www.esportesbrasilia.com.br\/noticias\/wp-json\/wp\/v2\/tags?post=29133"}],"curies":[{"name":"wp","href":"https:\/\/api.w.org\/{rel}","templated":true}]}}