{"id":28940,"date":"2025-06-07T20:05:50","date_gmt":"2025-06-07T23:05:50","guid":{"rendered":"https:\/\/www.esportesbrasilia.com.br\/noticias\/?p=28940"},"modified":"2025-06-07T20:05:52","modified_gmt":"2025-06-07T23:05:52","slug":"ceilandia-goleia-gazin-porto-velho-e-assume-a-lideranca-da-serie-d","status":"publish","type":"post","link":"https:\/\/www.esportesbrasilia.com.br\/noticias\/futebol\/ceilandia-goleia-gazin-porto-velho-e-assume-a-lideranca-da-serie-d.html","title":{"rendered":"Ceil\u00e2ndia goleia Gazin Porto Velho e assume a lideran\u00e7a da S\u00e9rie D"},"content":{"rendered":"\n<p>Foto: Diller Abreu\/Ag\u00eancia de Not\u00edcias CEUB<\/p>\n\n\n\n<p>O Ceil\u00e2ndia entrou em campo na tarde deste s\u00e1bado (07) em mais uma partida do Brasileir\u00e3o S\u00e9rie D. Com dois gols de Regino e um de Pablo Felix, o Gato Preto n\u00e3o tomou conhecimento do Gazin Porto Velho e venceu por 3&#215;0.<\/p>\n\n\n\n<p>Com a vit\u00f3ria, combinada com o resultado positivo do Luverdense\/MT, frente \u00e0 Aparecidense\/GO, o Ceil\u00e2ndia termina a rodada na lideran\u00e7a da chave A5 com 17 pontos ganhos.<\/p>\n\n\n\n<p><strong>O jogo<\/strong><\/p>\n\n\n\n<p>Logo a quatro minutos de jogo, Kennedy rouba a bola no meio campo e toca para Diego Bolt, que carrega pela direita e cruza para a grande \u00e1rea. Regino domina e d\u00e1 um voleio, sem chances de defesa. Um gola\u00e7o no Abadi\u00e3o para abrir o placar.<\/p>\n\n\n\n<p>J\u00e1 aos 22 minutos, a defesa do Porto Velho cobra um lateral de maneira errada e Junior Timb\u00f3 pega a bola, traz pela esquerda e acha Regino passando pela direita. O camisa 10 s\u00f3 d\u00e1 um toque certeiro para o centroavante finalizar no meio das pernas do goleiro Dig\u00e3o, ampliando o marcador para o Gato Preto.<\/p>\n\n\n\n<p>O Ceil\u00e2ndia controlava, de maneira tranquila, as a\u00e7\u00f5es do jogo. Mas, no intervalo de jogo, o t\u00e9cnico do Gazin Porto Velho, Paulo Eduardo, corrigiu a equipe e o time rondoniense come\u00e7ou a fazer press\u00e3o. Vendo uma esp\u00e9cie de rea\u00e7\u00e3o dos visitantes, o t\u00e9cnico do Gato Preto, Adelson de Almeida, fez mudan\u00e7as e as altera\u00e7\u00f5es surtiram efeito, fazendo com que os donos da casa voltassem a amea\u00e7ar a meta advers\u00e1ria.<\/p>\n\n\n\n<p>Nos acr\u00e9scimos, aos 46 minutos, Pablo F\u00e9lix, que entrou no segundo tempo, recebe passe de Tarta, se livra de dois marcadores e bate na sa\u00edda do arqueiro rondoniense, colocando a bola na rede e fechando o placar em 3&#215;0.<\/p>\n\n\n\n<p>Na pr\u00f3xima rodada, o Ceil\u00e2ndia encara a Aparecidense, em Aparecida de Goi\u00e2nia\/GO. J\u00e1 o Gazin Porto Velho recebe o Luverdense em Porto Velho\/RO.<\/p>\n","protected":false},"excerpt":{"rendered":"<p>Regino, duas vezes, e Pablo Felix d\u00e3o a vit\u00f3ria e a ponta da chave A5 para o Gato Preto<\/p>\n","protected":false},"author":2,"featured_media":28942,"comment_status":"closed","ping_status":"closed","sticky":false,"template":"","format":"standard","meta":{"footnotes":""},"categories":[8],"tags":[],"class_list":["post-28940","post","type-post","status-publish","format-standard","has-post-thumbnail","hentry","category-futebol"],"_links":{"self":[{"href":"https:\/\/www.esportesbrasilia.com.br\/noticias\/wp-json\/wp\/v2\/posts\/28940","targetHints":{"allow":["GET"]}}],"collection":[{"href":"https:\/\/www.esportesbrasilia.com.br\/noticias\/wp-json\/wp\/v2\/posts"}],"about":[{"href":"https:\/\/www.esportesbrasilia.com.br\/noticias\/wp-json\/wp\/v2\/types\/post"}],"author":[{"embeddable":true,"href":"https:\/\/www.esportesbrasilia.com.br\/noticias\/wp-json\/wp\/v2\/users\/2"}],"replies":[{"embeddable":true,"href":"https:\/\/www.esportesbrasilia.com.br\/noticias\/wp-json\/wp\/v2\/comments?post=28940"}],"version-history":[{"count":2,"href":"https:\/\/www.esportesbrasilia.com.br\/noticias\/wp-json\/wp\/v2\/posts\/28940\/revisions"}],"predecessor-version":[{"id":28943,"href":"https:\/\/www.esportesbrasilia.com.br\/noticias\/wp-json\/wp\/v2\/posts\/28940\/revisions\/28943"}],"wp:featuredmedia":[{"embeddable":true,"href":"https:\/\/www.esportesbrasilia.com.br\/noticias\/wp-json\/wp\/v2\/media\/28942"}],"wp:attachment":[{"href":"https:\/\/www.esportesbrasilia.com.br\/noticias\/wp-json\/wp\/v2\/media?parent=28940"}],"wp:term":[{"taxonomy":"category","embeddable":true,"href":"https:\/\/www.esportesbrasilia.com.br\/noticias\/wp-json\/wp\/v2\/categories?post=28940"},{"taxonomy":"post_tag","embeddable":true,"href":"https:\/\/www.esportesbrasilia.com.br\/noticias\/wp-json\/wp\/v2\/tags?post=28940"}],"curies":[{"name":"wp","href":"https:\/\/api.w.org\/{rel}","templated":true}]}}