{"id":28927,"date":"2025-05-29T18:13:00","date_gmt":"2025-05-29T21:13:00","guid":{"rendered":"https:\/\/www.esportesbrasilia.com.br\/noticias\/?p=28927"},"modified":"2025-05-31T23:50:13","modified_gmt":"2025-06-01T02:50:13","slug":"brasilia-volei-confirma-permanencia-de-treinador-para-a-temporada-2025-2026","status":"publish","type":"post","link":"https:\/\/www.esportesbrasilia.com.br\/noticias\/volei\/brasilia-volei-confirma-permanencia-de-treinador-para-a-temporada-2025-2026.html","title":{"rendered":"Bras\u00edlia V\u00f4lei confirma perman\u00eancia de treinador para a temporada 2025\/2026"},"content":{"rendered":"\n<p>Foto: Rog\u00e9rio Guerreiro\/Bras\u00edlia V\u00f4lei<\/p>\n\n\n\n<p>O Bras\u00edlia V\u00f4lei anunciou, na tarde desta quinta-feira (29), que o treinador Spencer Lee permanecer\u00e1 na equipe candanga para a temporada 2025\/2026 da Superliga Feminina.<\/p>\n\n\n\n<p>Spencer vai para a segunda temporada no comando do elenco feminino candango. Na primeira participa\u00e7\u00e3o como treinador do Bras\u00edlia V\u00f4lei, Spencer obteve sete vit\u00f3rias e 15 derrotas, o que deixou o time na d\u00e9cima posi\u00e7\u00e3o da Superliga Feminina 2024\/2025.<\/p>\n\n\n\n<p>O Bras\u00edlia V\u00f4lei deve anunciar novas contrata\u00e7\u00f5es nos pr\u00f3ximos dias visando a temporada que tem expectativa de in\u00edcio em outubro.<\/p>\n","protected":false},"excerpt":{"rendered":"<p>Spencer Lee segue como t\u00e9cnico da equipe feminina para a pr\u00f3xima Superliga<\/p>\n","protected":false},"author":2,"featured_media":28929,"comment_status":"closed","ping_status":"closed","sticky":false,"template":"","format":"standard","meta":{"footnotes":""},"categories":[11],"tags":[],"class_list":["post-28927","post","type-post","status-publish","format-standard","has-post-thumbnail","hentry","category-volei"],"_links":{"self":[{"href":"https:\/\/www.esportesbrasilia.com.br\/noticias\/wp-json\/wp\/v2\/posts\/28927","targetHints":{"allow":["GET"]}}],"collection":[{"href":"https:\/\/www.esportesbrasilia.com.br\/noticias\/wp-json\/wp\/v2\/posts"}],"about":[{"href":"https:\/\/www.esportesbrasilia.com.br\/noticias\/wp-json\/wp\/v2\/types\/post"}],"author":[{"embeddable":true,"href":"https:\/\/www.esportesbrasilia.com.br\/noticias\/wp-json\/wp\/v2\/users\/2"}],"replies":[{"embeddable":true,"href":"https:\/\/www.esportesbrasilia.com.br\/noticias\/wp-json\/wp\/v2\/comments?post=28927"}],"version-history":[{"count":2,"href":"https:\/\/www.esportesbrasilia.com.br\/noticias\/wp-json\/wp\/v2\/posts\/28927\/revisions"}],"predecessor-version":[{"id":28930,"href":"https:\/\/www.esportesbrasilia.com.br\/noticias\/wp-json\/wp\/v2\/posts\/28927\/revisions\/28930"}],"wp:featuredmedia":[{"embeddable":true,"href":"https:\/\/www.esportesbrasilia.com.br\/noticias\/wp-json\/wp\/v2\/media\/28929"}],"wp:attachment":[{"href":"https:\/\/www.esportesbrasilia.com.br\/noticias\/wp-json\/wp\/v2\/media?parent=28927"}],"wp:term":[{"taxonomy":"category","embeddable":true,"href":"https:\/\/www.esportesbrasilia.com.br\/noticias\/wp-json\/wp\/v2\/categories?post=28927"},{"taxonomy":"post_tag","embeddable":true,"href":"https:\/\/www.esportesbrasilia.com.br\/noticias\/wp-json\/wp\/v2\/tags?post=28927"}],"curies":[{"name":"wp","href":"https:\/\/api.w.org\/{rel}","templated":true}]}}