{"id":28868,"date":"2025-05-13T21:09:06","date_gmt":"2025-05-14T00:09:06","guid":{"rendered":"https:\/\/www.esportesbrasilia.com.br\/noticias\/?p=28868"},"modified":"2025-05-19T09:24:55","modified_gmt":"2025-05-19T12:24:55","slug":"felipe-surian-comenda-primeiro-trabalho-no-capital","status":"publish","type":"post","link":"https:\/\/www.esportesbrasilia.com.br\/noticias\/futebol\/felipe-surian-comenda-primeiro-trabalho-no-capital.html","title":{"rendered":"Felipe Surian comenda primeiro trabalho no Capital"},"content":{"rendered":"\n<p>A fuma\u00e7a azul subiu ontem na Toca do Coruja e anunciou Felipe Surian como novo treinador do Capital para a sequ\u00eancia da temporada. O mineiro de 53 anos acertou sua sa\u00edda do Treze (PB) na tarde desta ter\u00e7a-feira (13) e um dia depois j\u00e1 se apresentava ao Centro de Treinamento do Setor de Clubes Sul para iniciar o trabalho com o elenco do Tricolor Candango.<\/p>\n\n\n\n<p>\u201cO grupo \u00e9 excelente com jogadores experientes que nos d\u00e1 condi\u00e7\u00e3o de buscar o acesso (\u00e0 S\u00e9rie C)\u201d, destacou Surian em sua primeira fala ap\u00f3s os treinamentos da tarde. \u201cA partir deste fim de semana, vamos ter uma arrancada brilhante com foco na classifica\u00e7\u00e3o para pr\u00f3xima fase e, depois, na ascens\u00e3o\u201d, completou o t\u00e9cnico que tem tr\u00eas acessos no curr\u00edculo, um deles de forma invicta \u00e0 frente do Volta Redonda (RJ), em 2016, onde foi campe\u00e3o.<\/p>\n\n\n\n<p>O primeiro desafio do novo comandante ocorre a partir das 15h30 deste domingo (18), quando o Capital recebe a Luverdense (MT), no Est\u00e1dio JK, no Parano\u00e1. Na quinta coloca\u00e7\u00e3o do Grupo E, com quatro pontos, uma vit\u00f3ria dentro de casa pode significar uma virada de chave ap\u00f3s uma sequ\u00eancia de resultados adversos na competi\u00e7\u00e3o. <\/p>\n\n\n\n<p>Al\u00e9m disso, passa a servir como uma inje\u00e7\u00e3o de \u00e2nimo para a equipe e para o torcedor frente a outro grande desafio: o duelo contra o Botafogo, no jogo de volta da terceira fase da Copa do Brasil, na quinta-feira (22), na Arena BRB Man\u00e9 Garrincha. Frente ao Glorioso, atual campe\u00e3o da Libertadores e do Brasileir\u00e3o, os comandados de Surian precisam tirar uma desvantagem de quatro gols para avan\u00e7arem \u00e0s oitavas de final da Copa do Brasil.<\/p>\n\n\n\n<p>Dentro de campo, o time volta a contar com os atacantes Deizinho e Matheus Anderson e com o zagueiro \u00c9der Lima em transi\u00e7\u00e3o para os trabalhos com bola. O trio estava lesionado, mas est\u00e1 de volta \u00e0 ativa. J\u00e1 o zagueiro Pedro Romano tem uma suspeita de les\u00e3o muscular e passa por uma avalia\u00e7\u00e3o da equipe neste in\u00edcio de semana. O jovem goleiro Caleb est\u00e1 com uma luxa\u00e7\u00e3o de grau 1 no ombro, j\u00e1 faz tratamento e retoma os trabalhos com bola nos pr\u00f3ximos dias.<\/p>\n","protected":false},"excerpt":{"rendered":"<p>T\u00e9cnico conheceu o grupo e j\u00e1 deu in\u00edcio \u00e0 prepara\u00e7\u00e3o para a quinta rodada da S\u00e9rie D do Brasileir\u00e3o<\/p>\n","protected":false},"author":52,"featured_media":28869,"comment_status":"closed","ping_status":"closed","sticky":false,"template":"","format":"standard","meta":{"footnotes":""},"categories":[8],"tags":[],"class_list":["post-28868","post","type-post","status-publish","format-standard","has-post-thumbnail","hentry","category-futebol"],"_links":{"self":[{"href":"https:\/\/www.esportesbrasilia.com.br\/noticias\/wp-json\/wp\/v2\/posts\/28868","targetHints":{"allow":["GET"]}}],"collection":[{"href":"https:\/\/www.esportesbrasilia.com.br\/noticias\/wp-json\/wp\/v2\/posts"}],"about":[{"href":"https:\/\/www.esportesbrasilia.com.br\/noticias\/wp-json\/wp\/v2\/types\/post"}],"author":[{"embeddable":true,"href":"https:\/\/www.esportesbrasilia.com.br\/noticias\/wp-json\/wp\/v2\/users\/52"}],"replies":[{"embeddable":true,"href":"https:\/\/www.esportesbrasilia.com.br\/noticias\/wp-json\/wp\/v2\/comments?post=28868"}],"version-history":[{"count":2,"href":"https:\/\/www.esportesbrasilia.com.br\/noticias\/wp-json\/wp\/v2\/posts\/28868\/revisions"}],"predecessor-version":[{"id":28889,"href":"https:\/\/www.esportesbrasilia.com.br\/noticias\/wp-json\/wp\/v2\/posts\/28868\/revisions\/28889"}],"wp:featuredmedia":[{"embeddable":true,"href":"https:\/\/www.esportesbrasilia.com.br\/noticias\/wp-json\/wp\/v2\/media\/28869"}],"wp:attachment":[{"href":"https:\/\/www.esportesbrasilia.com.br\/noticias\/wp-json\/wp\/v2\/media?parent=28868"}],"wp:term":[{"taxonomy":"category","embeddable":true,"href":"https:\/\/www.esportesbrasilia.com.br\/noticias\/wp-json\/wp\/v2\/categories?post=28868"},{"taxonomy":"post_tag","embeddable":true,"href":"https:\/\/www.esportesbrasilia.com.br\/noticias\/wp-json\/wp\/v2\/tags?post=28868"}],"curies":[{"name":"wp","href":"https:\/\/api.w.org\/{rel}","templated":true}]}}