{"id":28852,"date":"2025-05-12T14:42:56","date_gmt":"2025-05-12T17:42:56","guid":{"rendered":"https:\/\/www.esportesbrasilia.com.br\/noticias\/?p=28852"},"modified":"2025-05-27T20:38:38","modified_gmt":"2025-05-27T23:38:38","slug":"rua-do-lazer-de-samambaia-tera-torneio-de-golzinho","status":"publish","type":"post","link":"https:\/\/www.esportesbrasilia.com.br\/noticias\/outros\/rua-do-lazer-de-samambaia-tera-torneio-de-golzinho.html","title":{"rendered":"Rua do Lazer de Samambaia ter\u00e1 torneio de golzinho"},"content":{"rendered":"\n<p>A quarta edi\u00e7\u00e3o da Rua do Lazer de Samambaia ter\u00e1 um novo atrativo. Realizado no dia 25 de maio, no estacionamento do est\u00e1dio Roriz\u00e3o, um campeonato de golzinho ser\u00e1 uma das atra\u00e7\u00f5es. A realiza\u00e7\u00e3o do torneio marca a estreia do projeto social Instituto de Desenvolvimento Individual do Indiv\u00edduo (IDII), em parceria com a Administra\u00e7\u00e3o Regional de Samambaia.<\/p>\n\n\n\n<p>A competi\u00e7\u00e3o ocorrer\u00e1 em car\u00e1ter eliminat\u00f3rio (mata-mata), em trios. Em caso de times incompletos, a organiza\u00e7\u00e3o ter\u00e1 um &#8220;jogador-coringa&#8221; que possa completar a equipe, n\u00e3o sendo este fixo durante todo o torneio. A organiza\u00e7\u00e3o pro\u00edbe uso de chuteira de campo (com travas), solicitando chuteiras de society ou futsal, recomendando que cada atleta leve, tamb\u00e9m, \u00e1gua, lanche e prote\u00e7\u00e3o contra o sol, como bon\u00e9 e protetor solar.<\/p>\n\n\n\n<p>Idealizadora do Instituto junto da professora Mariana Leal, a tamb\u00e9m docente Maria Rita Martins Penha fala sobre uma breve amplia\u00e7\u00e3o da agenda institucional. &#8220;\u00c9 um projeto social, de esporte, lazer e cultura. Inicialmente, a gente quer come\u00e7ar com o futsal e com aulas de dan\u00e7a, para posteriormente abrir para mais modalidades. A gente vai come\u00e7ar agora com esse torneio e estamos nos organizando para come\u00e7ar as aulas de futsal em si&#8221;, revela. As professoras Alana Coelho e Thaysha Oliveira tamb\u00e9m participam do Instituto.<\/p>\n\n\n\n<p>As inscri\u00e7\u00f5es para o torneio est\u00e3o abertas. No formul\u00e1rio a seguir, \u00e9 necess\u00e1rio informar nome, idade, respons\u00e1vel e seu respectivo contato, atividade em algum time e necessidade (ou n\u00e3o) de atendimento especializado: <a href=\"https:\/\/docs.google.com\/forms\/d\/1U5mO2VW0bUzzANW2Slgk6U8H0z20Cic1m4QzMb6XmTw\/viewform?edit_requested=true\">https:\/\/docs.google.com\/forms\/d\/1U5mO2VW0bUzzANW2Slgk6U8H0z20Cic1m4QzMb6XmTw\/viewform?edit_requested=true<\/a><\/p>\n","protected":false},"excerpt":{"rendered":"<p>Idealiza\u00e7\u00e3o do campeonato marca estreia do Instituto de Desenvolvimento Individual do Indiv\u00edduo<\/p>\n","protected":false},"author":54,"featured_media":28854,"comment_status":"closed","ping_status":"closed","sticky":false,"template":"","format":"standard","meta":{"footnotes":""},"categories":[2],"tags":[],"class_list":["post-28852","post","type-post","status-publish","format-standard","has-post-thumbnail","hentry","category-outros"],"_links":{"self":[{"href":"https:\/\/www.esportesbrasilia.com.br\/noticias\/wp-json\/wp\/v2\/posts\/28852","targetHints":{"allow":["GET"]}}],"collection":[{"href":"https:\/\/www.esportesbrasilia.com.br\/noticias\/wp-json\/wp\/v2\/posts"}],"about":[{"href":"https:\/\/www.esportesbrasilia.com.br\/noticias\/wp-json\/wp\/v2\/types\/post"}],"author":[{"embeddable":true,"href":"https:\/\/www.esportesbrasilia.com.br\/noticias\/wp-json\/wp\/v2\/users\/54"}],"replies":[{"embeddable":true,"href":"https:\/\/www.esportesbrasilia.com.br\/noticias\/wp-json\/wp\/v2\/comments?post=28852"}],"version-history":[{"count":3,"href":"https:\/\/www.esportesbrasilia.com.br\/noticias\/wp-json\/wp\/v2\/posts\/28852\/revisions"}],"predecessor-version":[{"id":28866,"href":"https:\/\/www.esportesbrasilia.com.br\/noticias\/wp-json\/wp\/v2\/posts\/28852\/revisions\/28866"}],"wp:featuredmedia":[{"embeddable":true,"href":"https:\/\/www.esportesbrasilia.com.br\/noticias\/wp-json\/wp\/v2\/media\/28854"}],"wp:attachment":[{"href":"https:\/\/www.esportesbrasilia.com.br\/noticias\/wp-json\/wp\/v2\/media?parent=28852"}],"wp:term":[{"taxonomy":"category","embeddable":true,"href":"https:\/\/www.esportesbrasilia.com.br\/noticias\/wp-json\/wp\/v2\/categories?post=28852"},{"taxonomy":"post_tag","embeddable":true,"href":"https:\/\/www.esportesbrasilia.com.br\/noticias\/wp-json\/wp\/v2\/tags?post=28852"}],"curies":[{"name":"wp","href":"https:\/\/api.w.org\/{rel}","templated":true}]}}