{"id":28819,"date":"2025-05-08T17:53:00","date_gmt":"2025-05-08T20:53:00","guid":{"rendered":"https:\/\/www.esportesbrasilia.com.br\/noticias\/?p=28819"},"modified":"2025-05-09T00:43:45","modified_gmt":"2025-05-09T03:43:45","slug":"guara-recebe-sexta-edicao-do-torneio-de-basquete-de-rua-da-cidade","status":"publish","type":"post","link":"https:\/\/www.esportesbrasilia.com.br\/noticias\/basquete\/guara-recebe-sexta-edicao-do-torneio-de-basquete-de-rua-da-cidade.html","title":{"rendered":"Guar\u00e1 recebe sexta edi\u00e7\u00e3o do Torneio de Basquete de Rua da cidade"},"content":{"rendered":"\n<p><strong>Foto: Divulga\u00e7\u00e3o<\/strong><\/p>\n\n\n\n<p>Voc\u00ea est\u00e1 preparado para mostrar suas habilidades no basquete? Ent\u00e3o se prepare porque vem a\u00ed a sexta edi\u00e7\u00e3o do Basquete de Rua do Guar\u00e1 na Pra\u00e7a da QI 2, no Guar\u00e1 I!<\/p>\n\n\n\n<p>O evento, promovido pela Prefeitura Comunit\u00e1ria da QI\/QE 02, ir\u00e1 para a sexta edi\u00e7\u00e3o no dia 10 de maio de 2025 e est\u00e1 inclu\u00eddo como uma das atra\u00e7\u00f5es na programa\u00e7\u00e3o de anivers\u00e1rio do Guar\u00e1. Em homenagem ao Dia das M\u00e3es, o programa ainda contar\u00e1 com v\u00e1rios sorteios para as mam\u00e3es presentes.<\/p>\n\n\n\n<p>Realizado desde o ano de 2019 na modalidade 3&#215;3, o evento foi criado para contemplar os jovens da quadra e suprir a demanda deles por atividades esportivas no local. O projeto deu t\u00e3o certo que logo se expandiu com a participa\u00e7\u00e3o cada vez maior de atletas de outras quadras, Regi\u00f5es Administrativas, Faculdades, Universidades e Centros de Forma\u00e7\u00e3o em Basquete do DF.<\/p>\n\n\n\n<p>A Pra\u00e7a de Esportes da QI 02, por contar com um conjunto de tabelas profissionais em acr\u00edlico e cestas com aros flex\u00edveis, se tornou o ponto de encontro oficial dos \u201cbasqueteiros\u201d do Guar\u00e1 e do DF, onde todos os dias promovem seus treinos e jogos amistosos, se preparando para as competi\u00e7\u00f5es oficiais.<\/p>\n\n\n\n<p>Com uma organiza\u00e7\u00e3o elogiada por todos, a Prefeitura disponibiliza um site para inscri\u00e7\u00f5es, onde constam as informa\u00e7\u00f5es e regulamentos com as instru\u00e7\u00f5es inerentes ao Torneio e ainda, fornece para todos os atletas, identifica\u00e7\u00e3o por pulseiras personalizadas e uma TENDA DO ATLETA, onde contempla os competidores com uma excelente mesa de caf\u00e9 da manh\u00e3, composta de frutas, barra de cereais, isot\u00f4nicos, \u00e1gua e sucos, que s\u00e3o servidos durante toda a competi\u00e7\u00e3o, mantendo os atletas bem hidratados e alimentados.<\/p>\n\n\n\n<p>Uma grande atra\u00e7\u00e3o do Torneio \u00e9 o momento do \u201cDESAFIO\u201d, onde, no aquecimento e nos intervalos dos jogos, os atletas tentam acertar a cesta fazendo arremessos do meio da quadra e s\u00e3o brindados com o famoso sandu\u00edche Bomba ou o famoso Hamburguer Artesanal do Luzia Gastr\u00f4 quando acertam.<\/p>\n\n\n\n<p>As equipes ser\u00e3o premiadas com Trof\u00e9us e Medalhas para os 1\u00ba, 2\u00ba e 3\u00ba lugares das 3 categorias e medalhas para os Destaques e Cestinhas de cada categoria.<\/p>\n\n\n\n<p>O 6\u00ba Torneio de Basquete de Rua do Guar\u00e1 \u00e9 considerado por todas as equipes como de elevad\u00edssimo n\u00edvel, o que tornou a competi\u00e7\u00e3o bastante acirrada e tem inclusive revelado atletas para as equipes profissionais do DF.<\/p>\n","protected":false},"excerpt":{"rendered":"<p>Evento aberto para o p\u00fablico acontecer\u00e1 no pr\u00f3ximo dia 10 como uma das atra\u00e7\u00f5es no anivers\u00e1rio do Guar\u00e1<\/p>\n","protected":false},"author":57,"featured_media":28820,"comment_status":"closed","ping_status":"closed","sticky":false,"template":"","format":"standard","meta":{"footnotes":""},"categories":[12],"tags":[],"class_list":["post-28819","post","type-post","status-publish","format-standard","has-post-thumbnail","hentry","category-basquete"],"_links":{"self":[{"href":"https:\/\/www.esportesbrasilia.com.br\/noticias\/wp-json\/wp\/v2\/posts\/28819","targetHints":{"allow":["GET"]}}],"collection":[{"href":"https:\/\/www.esportesbrasilia.com.br\/noticias\/wp-json\/wp\/v2\/posts"}],"about":[{"href":"https:\/\/www.esportesbrasilia.com.br\/noticias\/wp-json\/wp\/v2\/types\/post"}],"author":[{"embeddable":true,"href":"https:\/\/www.esportesbrasilia.com.br\/noticias\/wp-json\/wp\/v2\/users\/57"}],"replies":[{"embeddable":true,"href":"https:\/\/www.esportesbrasilia.com.br\/noticias\/wp-json\/wp\/v2\/comments?post=28819"}],"version-history":[{"count":3,"href":"https:\/\/www.esportesbrasilia.com.br\/noticias\/wp-json\/wp\/v2\/posts\/28819\/revisions"}],"predecessor-version":[{"id":28827,"href":"https:\/\/www.esportesbrasilia.com.br\/noticias\/wp-json\/wp\/v2\/posts\/28819\/revisions\/28827"}],"wp:featuredmedia":[{"embeddable":true,"href":"https:\/\/www.esportesbrasilia.com.br\/noticias\/wp-json\/wp\/v2\/media\/28820"}],"wp:attachment":[{"href":"https:\/\/www.esportesbrasilia.com.br\/noticias\/wp-json\/wp\/v2\/media?parent=28819"}],"wp:term":[{"taxonomy":"category","embeddable":true,"href":"https:\/\/www.esportesbrasilia.com.br\/noticias\/wp-json\/wp\/v2\/categories?post=28819"},{"taxonomy":"post_tag","embeddable":true,"href":"https:\/\/www.esportesbrasilia.com.br\/noticias\/wp-json\/wp\/v2\/tags?post=28819"}],"curies":[{"name":"wp","href":"https:\/\/api.w.org\/{rel}","templated":true}]}}