{"id":28813,"date":"2025-05-08T19:30:00","date_gmt":"2025-05-08T22:30:00","guid":{"rendered":"https:\/\/www.esportesbrasilia.com.br\/noticias\/?p=28813"},"modified":"2025-05-09T11:13:54","modified_gmt":"2025-05-09T14:13:54","slug":"cerrado-basquete-lanca-pulseiras-para-apoiar-categoria-de-base","status":"publish","type":"post","link":"https:\/\/www.esportesbrasilia.com.br\/noticias\/basquete\/cerrado-basquete-lanca-pulseiras-para-apoiar-categoria-de-base.html","title":{"rendered":"Cerrado Basquete lan\u00e7a pulseiras para apoiar categoria de base"},"content":{"rendered":"\n<p>Foto: Mara Rodrigues<\/p>\n\n\n\n<p>O Cerrado Basquete come\u00e7ou nessa quinta (08) a vender pulseiras coloridas (preto, rosa, verde e branca) no valor de R$ 10, cada uma. O intuito das vendas \u00e9 ajudar a custear a participa\u00e7\u00e3o das jogadoras da base do Cerrado em poss\u00edveis competi\u00e7\u00f5es, j\u00e1 que a equipe de forma\u00e7\u00e3o n\u00e3o possui patroc\u00ednio.<\/p>\n\n\n\n<p>Al\u00e9m das pulseiras, o time prometeu, nas redes sociais, lan\u00e7ar em breve a venda de camisas. Os interessados podem comprar presencialmente nas partidas da equipe principal na LBF.<\/p>\n\n\n\n<p>O presidente Dimitri Rodrigues defende a posi\u00e7\u00e3o do Cerrado em priorizar a categoria feminina atualmente. &#8220;Eu acredito que esse movimento do basquetebol feminino em Bras\u00edlia traz muita representatividade. Desde o surgimento em 2016, sempre nos alinhamos com a diminui\u00e7\u00e3o de diferen\u00e7a entre homem e mulher, seja onde ela quiser, no esporte, no trabalho, entre outros&#8221;, garante o dirigente.<\/p>\n\n\n\n<h2 class=\"wp-block-heading\">A idealizadora<\/h2>\n\n\n\n<p>Quem teve a ideia foi Malu Pedrosa, m\u00e3e das armadoras Sara e Iara, as irm\u00e3s Pedrosas. \u00c0 <strong>Esportes Bras\u00edlia<\/strong>, Malu contou como \u00e9 ser m\u00e3e de atleta da base e quais as dificuldades pelo caminho.<\/p>\n\n\n\n<p>&#8220;As dificuldades no basquete feminino s\u00e3o muitas, principalmente em rela\u00e7\u00e3o \u00e0 visibilidade e quest\u00f5es financeiras. Como pais de atletas, temos que arcar com isso tudo, mas tenho certeza de que todo esfor\u00e7o vale \u00e0 pena&#8221;, afirmou.<\/p>\n\n\n\n<p>Um ponto importante nessa caixinha para competi\u00e7\u00f5es e emerg\u00eancias nas categorias de base \u00e9 a falta de patroc\u00ednio fora da equipe principal do Cerrado. Segundo a assessoria de comunica\u00e7\u00e3o do time, as equipes de basquetebol at\u00e9 conseguem, quando tem, patroc\u00ednio para a base masculina, mas o mesmo n\u00e3o pode ser dito das bases femininas, numericamente mais raras. A \u00fanica exce\u00e7\u00e3o no cen\u00e1rio \u00e9 a Move On Basquetebol, no Clube da Portuguesa, em Taguatinga. O Bras\u00edlia Basquete tamb\u00e9m se pronunciou e afirmou que come\u00e7ou a ter escolinha para as meninas, mas os patroc\u00ednios do time principal se estendem para as categorias de base masculinas.<\/p>\n","protected":false},"excerpt":{"rendered":"<p>Intuito \u00e9 arrecadar fundos para custear despesas dos times de forma\u00e7\u00e3o do Verd\u00e3o candango<\/p>\n","protected":false},"author":37,"featured_media":28814,"comment_status":"closed","ping_status":"closed","sticky":false,"template":"","format":"standard","meta":{"footnotes":""},"categories":[12],"tags":[],"class_list":["post-28813","post","type-post","status-publish","format-standard","has-post-thumbnail","hentry","category-basquete"],"_links":{"self":[{"href":"https:\/\/www.esportesbrasilia.com.br\/noticias\/wp-json\/wp\/v2\/posts\/28813","targetHints":{"allow":["GET"]}}],"collection":[{"href":"https:\/\/www.esportesbrasilia.com.br\/noticias\/wp-json\/wp\/v2\/posts"}],"about":[{"href":"https:\/\/www.esportesbrasilia.com.br\/noticias\/wp-json\/wp\/v2\/types\/post"}],"author":[{"embeddable":true,"href":"https:\/\/www.esportesbrasilia.com.br\/noticias\/wp-json\/wp\/v2\/users\/37"}],"replies":[{"embeddable":true,"href":"https:\/\/www.esportesbrasilia.com.br\/noticias\/wp-json\/wp\/v2\/comments?post=28813"}],"version-history":[{"count":7,"href":"https:\/\/www.esportesbrasilia.com.br\/noticias\/wp-json\/wp\/v2\/posts\/28813\/revisions"}],"predecessor-version":[{"id":28832,"href":"https:\/\/www.esportesbrasilia.com.br\/noticias\/wp-json\/wp\/v2\/posts\/28813\/revisions\/28832"}],"wp:featuredmedia":[{"embeddable":true,"href":"https:\/\/www.esportesbrasilia.com.br\/noticias\/wp-json\/wp\/v2\/media\/28814"}],"wp:attachment":[{"href":"https:\/\/www.esportesbrasilia.com.br\/noticias\/wp-json\/wp\/v2\/media?parent=28813"}],"wp:term":[{"taxonomy":"category","embeddable":true,"href":"https:\/\/www.esportesbrasilia.com.br\/noticias\/wp-json\/wp\/v2\/categories?post=28813"},{"taxonomy":"post_tag","embeddable":true,"href":"https:\/\/www.esportesbrasilia.com.br\/noticias\/wp-json\/wp\/v2\/tags?post=28813"}],"curies":[{"name":"wp","href":"https:\/\/api.w.org\/{rel}","templated":true}]}}