{"id":28731,"date":"2025-04-27T13:26:00","date_gmt":"2025-04-27T16:26:00","guid":{"rendered":"https:\/\/www.esportesbrasilia.com.br\/noticias\/?p=28731"},"modified":"2025-04-27T20:33:14","modified_gmt":"2025-04-27T23:33:14","slug":"cresspom-perde-na-estreia-do-brasileirao-feminino-a3","status":"publish","type":"post","link":"https:\/\/www.esportesbrasilia.com.br\/noticias\/futebol\/cresspom-perde-na-estreia-do-brasileirao-feminino-a3.html","title":{"rendered":"Cresspom perde na estreia do Brasileir\u00e3o Feminino A3"},"content":{"rendered":"\n<p>Foto: Teresa Prado\/Fenomenal Sports<\/p>\n\n\n\n<p>O Cresspom deu a largada na disputa da s\u00e9rie A3 do Brasileir\u00e3o Feminino. Jogando no \u00faltimo s\u00e1bado (26) no est\u00e1dio Ciro Machado, na Vila Planalto.<\/p>\n\n\n\n<p>As comandadas do t\u00e9cnico Pablo Rizza acabaram saindo de campo com a derrota pelo placar m\u00ednimo. O gol do Vila Nova\/GO foi marcado por Naythielle, aos 22 minutos do segundo tempo, dando a vit\u00f3ria ao time goiano.<\/p>\n\n\n\n<p>Na pr\u00f3xima rodada, o time candango viaja at\u00e9 Cuiab\u00e1\/MT para enfrentar o Oper\u00e1rio\/MT. J\u00e1 o Vila Nova recebe o Oper\u00e1rio\/MS.<\/p>\n","protected":false},"excerpt":{"rendered":"<p>Time candango acabou derrotado pelo placar m\u00ednimo frente ao Vila Nova\/GO<\/p>\n","protected":false},"author":2,"featured_media":28744,"comment_status":"closed","ping_status":"closed","sticky":false,"template":"","format":"standard","meta":{"footnotes":""},"categories":[8],"tags":[],"class_list":["post-28731","post","type-post","status-publish","format-standard","has-post-thumbnail","hentry","category-futebol"],"_links":{"self":[{"href":"https:\/\/www.esportesbrasilia.com.br\/noticias\/wp-json\/wp\/v2\/posts\/28731","targetHints":{"allow":["GET"]}}],"collection":[{"href":"https:\/\/www.esportesbrasilia.com.br\/noticias\/wp-json\/wp\/v2\/posts"}],"about":[{"href":"https:\/\/www.esportesbrasilia.com.br\/noticias\/wp-json\/wp\/v2\/types\/post"}],"author":[{"embeddable":true,"href":"https:\/\/www.esportesbrasilia.com.br\/noticias\/wp-json\/wp\/v2\/users\/2"}],"replies":[{"embeddable":true,"href":"https:\/\/www.esportesbrasilia.com.br\/noticias\/wp-json\/wp\/v2\/comments?post=28731"}],"version-history":[{"count":1,"href":"https:\/\/www.esportesbrasilia.com.br\/noticias\/wp-json\/wp\/v2\/posts\/28731\/revisions"}],"predecessor-version":[{"id":28745,"href":"https:\/\/www.esportesbrasilia.com.br\/noticias\/wp-json\/wp\/v2\/posts\/28731\/revisions\/28745"}],"wp:featuredmedia":[{"embeddable":true,"href":"https:\/\/www.esportesbrasilia.com.br\/noticias\/wp-json\/wp\/v2\/media\/28744"}],"wp:attachment":[{"href":"https:\/\/www.esportesbrasilia.com.br\/noticias\/wp-json\/wp\/v2\/media?parent=28731"}],"wp:term":[{"taxonomy":"category","embeddable":true,"href":"https:\/\/www.esportesbrasilia.com.br\/noticias\/wp-json\/wp\/v2\/categories?post=28731"},{"taxonomy":"post_tag","embeddable":true,"href":"https:\/\/www.esportesbrasilia.com.br\/noticias\/wp-json\/wp\/v2\/tags?post=28731"}],"curies":[{"name":"wp","href":"https:\/\/api.w.org\/{rel}","templated":true}]}}