{"id":28714,"date":"2025-04-27T00:09:00","date_gmt":"2025-04-27T03:09:00","guid":{"rendered":"https:\/\/www.esportesbrasilia.com.br\/noticias\/?p=28714"},"modified":"2025-04-27T20:08:46","modified_gmt":"2025-04-27T23:08:46","slug":"na-galera-selecao-do-distrito-federal-sub-18-masculino-chega-a-final-do-cbs","status":"publish","type":"post","link":"https:\/\/www.esportesbrasilia.com.br\/noticias\/volei\/na-galera-selecao-do-distrito-federal-sub-18-masculino-chega-a-final-do-cbs.html","title":{"rendered":"Na galera: Sele\u00e7\u00e3o do Distrito Federal sub-18 masculino chega \u00e0 final do CBS"},"content":{"rendered":"\n<p>Cr\u00e9ditos: Rebecca Vila Real<\/p>\n\n\n\n<p>Neste s\u00e1bado (26), o DF recebeu a incr\u00edvel not\u00edcia de que o time masculino sub-18 conseguiu a classifica\u00e7\u00e3o para a grande final do Campeonato Brasileiro de Sele\u00e7\u00f5es (CBS)<\/p>\n\n\n\n<p>Dessa forma, a torcida da capital brasileira est\u00e1 convocada para a grande final neste domingo (27), diante da sele\u00e7\u00e3o da Para\u00edba, \u00e0s 15 horas, no <a href=\"https:\/\/maps.app.goo.gl\/CVGtxtQ1jUPhRtww9\">gin\u00e1sio da FVDF na 708\/908 sul<\/a>.<\/p>\n\n\n\n<p>As duas sele\u00e7\u00f5es chegam invictas para a final, com um retrospecto um pouco melhor para a representante do estado nordestino. Contando as semis e a fase de grupos, os brasilienses perderam quatro sets e fecharam com 10 pontos, enquanto a sele\u00e7\u00e3o da Para\u00edba ficou com 12 pontos, perdendo apenas dois sets.<\/p>\n\n\n\n<p>As duas semifinais terminaram em 3 a 1, com parciais de 16\/25, 25\/16, 25\/20 e 25\/18 para os paraibanos contra o Amap\u00e1, enquanto o DF conseguiu passar com 25\/18, 25\/16, 22\/25 e 25\/22 contra Pernambuco.<\/p>\n\n\n\n<h2 class=\"wp-block-heading\">Outras disputas<\/h2>\n\n\n\n<p>Tamb\u00e9m no Gin\u00e1sio da FVDF, outras disputas embalar\u00e3o o doming\u00e3o em Bras\u00edlia, come\u00e7ando com a disputa do 7\u00b0 lugar \u00e0s 9h at\u00e9 a grande final \u00e0s 15h. Para mais informa\u00e7\u00f5es sobre os hor\u00e1rios e disputas, <a href=\"https:\/\/cbv.com.br\/volei-de-quadra\/cbs\/sub-18-primeira-divisao\">acesse o site da CBV.<\/a><\/p>\n\n\n\n<p>Os finalistas e o vencedor do terceiro lugar entre Amap\u00e1 e Pernambuco sobem na pr\u00f3xima temporada para a Divis\u00e3o Especial. As tr\u00eas sele\u00e7\u00f5es rebaixadas para a Terceira Divis\u00e3o foram Mato Grosso, Santa Catarina e Maranh\u00e3o.<\/p>\n","protected":false},"excerpt":{"rendered":"<p>Equipe candanga enfrentar\u00e1 a Para\u00edba na grande decis\u00e3o<\/p>\n","protected":false},"author":37,"featured_media":28715,"comment_status":"closed","ping_status":"closed","sticky":false,"template":"","format":"standard","meta":{"footnotes":""},"categories":[11],"tags":[],"class_list":["post-28714","post","type-post","status-publish","format-standard","has-post-thumbnail","hentry","category-volei"],"_links":{"self":[{"href":"https:\/\/www.esportesbrasilia.com.br\/noticias\/wp-json\/wp\/v2\/posts\/28714","targetHints":{"allow":["GET"]}}],"collection":[{"href":"https:\/\/www.esportesbrasilia.com.br\/noticias\/wp-json\/wp\/v2\/posts"}],"about":[{"href":"https:\/\/www.esportesbrasilia.com.br\/noticias\/wp-json\/wp\/v2\/types\/post"}],"author":[{"embeddable":true,"href":"https:\/\/www.esportesbrasilia.com.br\/noticias\/wp-json\/wp\/v2\/users\/37"}],"replies":[{"embeddable":true,"href":"https:\/\/www.esportesbrasilia.com.br\/noticias\/wp-json\/wp\/v2\/comments?post=28714"}],"version-history":[{"count":3,"href":"https:\/\/www.esportesbrasilia.com.br\/noticias\/wp-json\/wp\/v2\/posts\/28714\/revisions"}],"predecessor-version":[{"id":28728,"href":"https:\/\/www.esportesbrasilia.com.br\/noticias\/wp-json\/wp\/v2\/posts\/28714\/revisions\/28728"}],"wp:featuredmedia":[{"embeddable":true,"href":"https:\/\/www.esportesbrasilia.com.br\/noticias\/wp-json\/wp\/v2\/media\/28715"}],"wp:attachment":[{"href":"https:\/\/www.esportesbrasilia.com.br\/noticias\/wp-json\/wp\/v2\/media?parent=28714"}],"wp:term":[{"taxonomy":"category","embeddable":true,"href":"https:\/\/www.esportesbrasilia.com.br\/noticias\/wp-json\/wp\/v2\/categories?post=28714"},{"taxonomy":"post_tag","embeddable":true,"href":"https:\/\/www.esportesbrasilia.com.br\/noticias\/wp-json\/wp\/v2\/tags?post=28714"}],"curies":[{"name":"wp","href":"https:\/\/api.w.org\/{rel}","templated":true}]}}