{"id":28641,"date":"2025-04-17T19:38:49","date_gmt":"2025-04-17T22:38:49","guid":{"rendered":"https:\/\/www.esportesbrasilia.com.br\/noticias\/?p=28641"},"modified":"2025-04-22T13:13:33","modified_gmt":"2025-04-22T16:13:33","slug":"capital-acerta-com-zagueiro-campeao-do-candangao-para-a-serie-d","status":"publish","type":"post","link":"https:\/\/www.esportesbrasilia.com.br\/noticias\/futebol\/capital-acerta-com-zagueiro-campeao-do-candangao-para-a-serie-d.html","title":{"rendered":"Capital acerta com zagueiro campe\u00e3o do Candang\u00e3o para a S\u00e9rie D"},"content":{"rendered":"\n<p>*<em>Colaborou R\u00f4mulo Maia<\/em><\/p>\n\n\n\n<p>Pr\u00f3ximo da primeira partida na hist\u00f3ria pela S\u00e9rie D, o Capital segue em busca de mais refor\u00e7os para o time, e dessa vez quem chega \u00e9 o zagueiro Josu\u00e9, de 25 anos, que estava no Moonson\/RS.<\/p>\n\n\n\n<p>O atleta foi campe\u00e3o pelo Real Bras\u00edlia em 2023, e uma das principais pe\u00e7as daquele time, tanto que foi eleito o melhor zagueiro da competi\u00e7\u00e3o daquele ano. Josu\u00e9 se destaca nas bolas a\u00e9reas e principalmente na sa\u00edda de jogo, com passe qualificado e boa vis\u00e3o da partida.<\/p>\n\n\n\n<p>Pelo Moonson, o atleta era titular e conquistou dois acessos, al\u00e9m de participar da elite do Ga\u00facho em 2025. O jogador era sondado por outros clubes mas deu prefer\u00eancia ao projeto do Capital.<\/p>\n\n\n\n<p>Josu\u00e9 j\u00e1 est\u00e1 registrado no Boletim Di\u00e1rio Informativo (BID) e est\u00e1 a disposi\u00e7\u00e3o para a estreia, que acontece neste s\u00e1bado (19), \u00e0s 19h30, contra a Aparecidense\/GO, com transmiss\u00e3o da <strong>Esportes Bras\u00edlia<\/strong>.<\/p>\n","protected":false},"excerpt":{"rendered":"<p>Josu\u00e9 chega para o Capital depois de passar por time que foi sensa\u00e7\u00e3o no Gauch\u00e3o 2025<\/p>\n","protected":false},"author":2,"featured_media":28646,"comment_status":"closed","ping_status":"closed","sticky":false,"template":"","format":"standard","meta":{"footnotes":""},"categories":[8],"tags":[],"class_list":["post-28641","post","type-post","status-publish","format-standard","has-post-thumbnail","hentry","category-futebol"],"_links":{"self":[{"href":"https:\/\/www.esportesbrasilia.com.br\/noticias\/wp-json\/wp\/v2\/posts\/28641","targetHints":{"allow":["GET"]}}],"collection":[{"href":"https:\/\/www.esportesbrasilia.com.br\/noticias\/wp-json\/wp\/v2\/posts"}],"about":[{"href":"https:\/\/www.esportesbrasilia.com.br\/noticias\/wp-json\/wp\/v2\/types\/post"}],"author":[{"embeddable":true,"href":"https:\/\/www.esportesbrasilia.com.br\/noticias\/wp-json\/wp\/v2\/users\/2"}],"replies":[{"embeddable":true,"href":"https:\/\/www.esportesbrasilia.com.br\/noticias\/wp-json\/wp\/v2\/comments?post=28641"}],"version-history":[{"count":4,"href":"https:\/\/www.esportesbrasilia.com.br\/noticias\/wp-json\/wp\/v2\/posts\/28641\/revisions"}],"predecessor-version":[{"id":28672,"href":"https:\/\/www.esportesbrasilia.com.br\/noticias\/wp-json\/wp\/v2\/posts\/28641\/revisions\/28672"}],"wp:featuredmedia":[{"embeddable":true,"href":"https:\/\/www.esportesbrasilia.com.br\/noticias\/wp-json\/wp\/v2\/media\/28646"}],"wp:attachment":[{"href":"https:\/\/www.esportesbrasilia.com.br\/noticias\/wp-json\/wp\/v2\/media?parent=28641"}],"wp:term":[{"taxonomy":"category","embeddable":true,"href":"https:\/\/www.esportesbrasilia.com.br\/noticias\/wp-json\/wp\/v2\/categories?post=28641"},{"taxonomy":"post_tag","embeddable":true,"href":"https:\/\/www.esportesbrasilia.com.br\/noticias\/wp-json\/wp\/v2\/tags?post=28641"}],"curies":[{"name":"wp","href":"https:\/\/api.w.org\/{rel}","templated":true}]}}