{"id":28621,"date":"2025-04-15T12:54:55","date_gmt":"2025-04-15T15:54:55","guid":{"rendered":"https:\/\/www.esportesbrasilia.com.br\/noticias\/?p=28621"},"modified":"2025-04-15T12:54:56","modified_gmt":"2025-04-15T15:54:56","slug":"capital-contrata-meia-considerado-o-melhor-da-serie-a2-paulista","status":"publish","type":"post","link":"https:\/\/www.esportesbrasilia.com.br\/noticias\/futebol\/capital-contrata-meia-considerado-o-melhor-da-serie-a2-paulista.html","title":{"rendered":"Capital contrata meia considerado o melhor da S\u00e9rie A2 Paulista"},"content":{"rendered":"\n<p><em>Matheus Anjos foi vice-campe\u00e3o do torneio com o Primavera<\/em><\/p>\n\n\n\n<p>O meia Matheus Anjos, de 26 anos, \u00e9 o novo refor\u00e7o do Capital para a estreia na S\u00e9rie D do Brasileir\u00e3o, \u00e0s 19h30 deste s\u00e1bado (19), contra a Aparecidense (GO), e para a Copa do Brasil. O jogador foi eleito o melhor da posi\u00e7\u00e3o e integrou a sele\u00e7\u00e3o da S\u00e9rie A2 de S\u00e3o Paulo.<\/p>\n\n\n\n<p>Nascido em Campinas (SP), revelado pelo Athletico-PR, onde foi tricampe\u00e3o estadual; passou por equipes de proje\u00e7\u00e3o como Paran\u00e1 Clube, Guarani, Ponte Preta, Botafogo de Ribeir\u00e3o Preto, ABC e Remo.<\/p>\n\n\n\n<p>Ao logo da carreira atuou ao lado de jogadores como Rony, Raphael Veiga e Lucho Gonzales, entre outros.<\/p>\n\n\n\n<p>Ele \u00e9 mais um que chega \u00e0 Toca do Coruja para refor\u00e7ar o elenco frente aos desafios nacionais a serem enfrentados pela equipe do t\u00e9cnico Roberto Fernandes.<\/p>\n\n\n\n<p>No domingo, o time anunciou o tamb\u00e9m meia Falc\u00e3o. Com apenas 23 anos, o atleta chega por empr\u00e9stimo do Amazonas. O talentoso jovem se destacou na base do S\u00e3o Paulo e teve passagens por clubes como Athletic (MG), Al Dhafra (EAU) e Botafogo da Para\u00edba.<\/p>\n\n\n\n<p>Na semana passada, o Tricolor fechou contrato com o centroavante Mateus\u00e3o, de 31 anos, que chegou anotando dois gols no amistoso vencido pelo Capital sobre o Uberl\u00e2ndia (MG), por 3 x 2. Al\u00e9m do grandalh\u00e3o de 1,91 m, o time trouxe o tamb\u00e9m atacante Mois\u00e9s dos Santos, tamb\u00e9m de 31 anos, um dos destaques das \u00faltimas edi\u00e7\u00f5es do Candang\u00e3o.<\/p>\n\n\n\n<p><strong>Time dos Mateus e suas variantes<br><\/strong>E Matheus Anjos \u00e9 mais com esse nome a desembarcar no clube. Seu antecessor, o tamb\u00e9m novato Mateus\u00e3o j\u00e1 engrossava o caldo desde o fim de semana. Al\u00e9m dos rec\u00e9m-chegados, a equipe j\u00e1 contava com o artilheiro do Candang\u00e3o, com cinco gols, o meia Matheusinho, o lateral Matheus Silva e o atacante Matteus Anderson.<\/p>\n","protected":false},"excerpt":{"rendered":"<p>Matheus Anjos foi vice-campe\u00e3o do torneio com o Primavera O meia Matheus Anjos, de 26 anos, \u00e9 o novo refor\u00e7o do Capital para a estreia na S\u00e9rie D do Brasileir\u00e3o, \u00e0s 19h30 deste s\u00e1bado (19), contra a Aparecidense (GO), e para a Copa do Brasil. O jogador foi eleito o melhor da posi\u00e7\u00e3o e integrou [&hellip;]<\/p>\n","protected":false},"author":52,"featured_media":28626,"comment_status":"closed","ping_status":"closed","sticky":false,"template":"","format":"standard","meta":{"footnotes":""},"categories":[8],"tags":[],"class_list":["post-28621","post","type-post","status-publish","format-standard","has-post-thumbnail","hentry","category-futebol"],"_links":{"self":[{"href":"https:\/\/www.esportesbrasilia.com.br\/noticias\/wp-json\/wp\/v2\/posts\/28621","targetHints":{"allow":["GET"]}}],"collection":[{"href":"https:\/\/www.esportesbrasilia.com.br\/noticias\/wp-json\/wp\/v2\/posts"}],"about":[{"href":"https:\/\/www.esportesbrasilia.com.br\/noticias\/wp-json\/wp\/v2\/types\/post"}],"author":[{"embeddable":true,"href":"https:\/\/www.esportesbrasilia.com.br\/noticias\/wp-json\/wp\/v2\/users\/52"}],"replies":[{"embeddable":true,"href":"https:\/\/www.esportesbrasilia.com.br\/noticias\/wp-json\/wp\/v2\/comments?post=28621"}],"version-history":[{"count":1,"href":"https:\/\/www.esportesbrasilia.com.br\/noticias\/wp-json\/wp\/v2\/posts\/28621\/revisions"}],"predecessor-version":[{"id":28627,"href":"https:\/\/www.esportesbrasilia.com.br\/noticias\/wp-json\/wp\/v2\/posts\/28621\/revisions\/28627"}],"wp:featuredmedia":[{"embeddable":true,"href":"https:\/\/www.esportesbrasilia.com.br\/noticias\/wp-json\/wp\/v2\/media\/28626"}],"wp:attachment":[{"href":"https:\/\/www.esportesbrasilia.com.br\/noticias\/wp-json\/wp\/v2\/media?parent=28621"}],"wp:term":[{"taxonomy":"category","embeddable":true,"href":"https:\/\/www.esportesbrasilia.com.br\/noticias\/wp-json\/wp\/v2\/categories?post=28621"},{"taxonomy":"post_tag","embeddable":true,"href":"https:\/\/www.esportesbrasilia.com.br\/noticias\/wp-json\/wp\/v2\/tags?post=28621"}],"curies":[{"name":"wp","href":"https:\/\/api.w.org\/{rel}","templated":true}]}}