{"id":28589,"date":"2025-04-09T20:45:30","date_gmt":"2025-04-09T23:45:30","guid":{"rendered":"https:\/\/www.esportesbrasilia.com.br\/noticias\/?p=28589"},"modified":"2025-04-13T21:48:37","modified_gmt":"2025-04-14T00:48:37","slug":"capital-pretende-fazer-jogo-contra-o-botafogo-no-jk","status":"publish","type":"post","link":"https:\/\/www.esportesbrasilia.com.br\/noticias\/futebol\/capital-pretende-fazer-jogo-contra-o-botafogo-no-jk.html","title":{"rendered":"Capital pretende fazer jogo contra o Botafogo no est\u00e1dio JK"},"content":{"rendered":"\n<p>Foto: Reprodu\u00e7\u00e3o\/Capital SAF<\/p>\n\n\n\n<p>O Capital pretende fazer o jogo de volta contra o Botafogo, pela Copa do Brasil, contra o Botafogo no Est\u00e1dio JK, no Parano\u00e1. <a href=\"https:\/\/www.esportesbrasilia.com.br\/noticias\/futebol\/capital-enfrentara-time-carioca-na-terceira-fase-da-copa-do-brasil.html\">Ap\u00f3s a defini\u00e7\u00e3o dos confrontos terceira fase da competi\u00e7\u00e3o<\/a>, o time do Distrito Federal entrou na rota do atual Campe\u00e3o Brasileiro e da Libertadores.<\/p>\n\n\n\n<p>Imediatamente, a diretoria tricolor partiu em busca de mandar o duelo na Arena BRB Man\u00e9 Garrincha, que n\u00e3o poder\u00e1 ser utilizada, pois receber\u00e1 eventos culturais nas datas poss\u00edveis da competi\u00e7\u00e3o nacional.<\/p>\n\n\n\n<p>\u201cCom isso, acionamos a Federa\u00e7\u00e3o de Futebol do DF e a Secretaria de Esporte e Lazer para que apoi\u00e1ssemos com a utiliza\u00e7\u00e3o do JK, nossa casa, onde estamos invictos h\u00e1 mais de dois anos\u201d, revelou o presidente do Capital, Godofredo Gon\u00e7alves.<\/p>\n\n\n\n<p>De acordo com o gestor, o secret\u00e1rio de Esporte, Renato Junqueira, falou que n\u00e3o vai medir esfor\u00e7os para a realiza\u00e7\u00e3o do duelo na arena do Tricolor.<\/p>\n\n\n\n<p>Atualmente, o JK tem capacidade para oito mil pessoas, mas com laudo liberado dos \u00f3rg\u00e3os de seguran\u00e7a para cinco mil. A ideia \u00e9 ampliar para dez mil torcedores, tanto a capacidade quanto os laudos. \u201cVamos buscar o apoio das institui\u00e7\u00f5es competentes e dos \u00f3rg\u00e3os de seguran\u00e7a para brindarmos o nosso torcedor com esse jogo na nossa casa\u201d, destacou Godofredo.<\/p>\n\n\n\n<p>O dirigente finalizou dizendo que respeita muito a grandiosidade do advers\u00e1rio, mas o time vai em busca de avan\u00e7ar \u00e0 pr\u00f3xima fase do torneio, o que seria um feito sem precedentes para um time que renasceu em 2019 com a nova gest\u00e3o, ap\u00f3s quase duas d\u00e9cadas de instabilidade.<\/p>\n\n\n\n<p>O Capital despachou a Portuguesa (RJ) e o Porto Velho (RO) e j\u00e1 embolsou quase R$ 2 milh\u00f5es em premia\u00e7\u00e3o. Caso avance frente ao Fog\u00e3o, mais R$ 3 milh\u00f5es caem na conta da equipe candanga.<\/p>\n","protected":false},"excerpt":{"rendered":"<p>Clube acionou os \u00f3rg\u00e3os competentes em busca dos laudos t\u00e9cnicos e estuda a amplia\u00e7\u00e3o do est\u00e1dio<\/p>\n","protected":false},"author":52,"featured_media":28590,"comment_status":"closed","ping_status":"closed","sticky":false,"template":"","format":"standard","meta":{"footnotes":""},"categories":[8],"tags":[68,133,124],"class_list":["post-28589","post","type-post","status-publish","format-standard","has-post-thumbnail","hentry","category-futebol","tag-brasileirao-serie-d","tag-capital","tag-estadio-jk"],"_links":{"self":[{"href":"https:\/\/www.esportesbrasilia.com.br\/noticias\/wp-json\/wp\/v2\/posts\/28589","targetHints":{"allow":["GET"]}}],"collection":[{"href":"https:\/\/www.esportesbrasilia.com.br\/noticias\/wp-json\/wp\/v2\/posts"}],"about":[{"href":"https:\/\/www.esportesbrasilia.com.br\/noticias\/wp-json\/wp\/v2\/types\/post"}],"author":[{"embeddable":true,"href":"https:\/\/www.esportesbrasilia.com.br\/noticias\/wp-json\/wp\/v2\/users\/52"}],"replies":[{"embeddable":true,"href":"https:\/\/www.esportesbrasilia.com.br\/noticias\/wp-json\/wp\/v2\/comments?post=28589"}],"version-history":[{"count":3,"href":"https:\/\/www.esportesbrasilia.com.br\/noticias\/wp-json\/wp\/v2\/posts\/28589\/revisions"}],"predecessor-version":[{"id":28594,"href":"https:\/\/www.esportesbrasilia.com.br\/noticias\/wp-json\/wp\/v2\/posts\/28589\/revisions\/28594"}],"wp:featuredmedia":[{"embeddable":true,"href":"https:\/\/www.esportesbrasilia.com.br\/noticias\/wp-json\/wp\/v2\/media\/28590"}],"wp:attachment":[{"href":"https:\/\/www.esportesbrasilia.com.br\/noticias\/wp-json\/wp\/v2\/media?parent=28589"}],"wp:term":[{"taxonomy":"category","embeddable":true,"href":"https:\/\/www.esportesbrasilia.com.br\/noticias\/wp-json\/wp\/v2\/categories?post=28589"},{"taxonomy":"post_tag","embeddable":true,"href":"https:\/\/www.esportesbrasilia.com.br\/noticias\/wp-json\/wp\/v2\/tags?post=28589"}],"curies":[{"name":"wp","href":"https:\/\/api.w.org\/{rel}","templated":true}]}}