{"id":28560,"date":"2025-04-05T09:32:00","date_gmt":"2025-04-05T12:32:00","guid":{"rendered":"https:\/\/www.esportesbrasilia.com.br\/noticias\/?p=28560"},"modified":"2025-04-05T21:07:10","modified_gmt":"2025-04-06T00:07:10","slug":"conheca-o-projeto-da-adepol-que-forma-atletas-olimpicos-em-brasilia","status":"publish","type":"post","link":"https:\/\/www.esportesbrasilia.com.br\/noticias\/outros\/conheca-o-projeto-da-adepol-que-forma-atletas-olimpicos-em-brasilia.html","title":{"rendered":"Conhe\u00e7a o Projeto da Adepol que forma atletas ol\u00edmpicos em Bras\u00edlia"},"content":{"rendered":"\n<p><strong>Foto: Lu\u00eds Salimon e Mard\u00f4nio Vieira<\/strong><\/p>\n\n\n\n<p>O Projeto Adepol Formando Atletas est\u00e1 a todo vapor! Em parceria com a Secretaria de Esportes do Distrito Federal, este projeto tem a importante miss\u00e3o de preparar e levar os atletas de Bras\u00edlia para as Olimp\u00edadas. Atualmente, o projeto funciona de segunda a sexta-feira, no Recanto das Emas, a partir das 8 horas da manh\u00e3, ter\u00e7as e quintas no Setor militar Sul no CECAF e s\u00e1bado pela manh\u00e3 a partir das 8:30 na Adepol.<\/p>\n\n\n\n<p>Surgido no ano passado, o Projeto est\u00e1 indo para o segundo ciclo, expandindo ainda mais as modalidades e atendendo mais cidades como Parano\u00e1 e Itapo\u00e3. Com tr\u00eas atletas medalhistas ol\u00edmpicos saindo da atividade, o objetivo \u00e9 que eles continuem investindo em ainda mais atletas para este ciclo.<\/p>\n\n\n\n<p>Sobre o trabalho realizado durante anos no projeto, Manuel Evaristo, treinador presente na Adepol desde 2018, ressaltou as conquistas na revela\u00e7\u00e3o de diversos atletas no cen\u00e1rio distrital, nacional e, tamb\u00e9m, internacional, principalmente ap\u00f3s federar a Adepol na Confedera\u00e7\u00e3o Brasileira de Atletismo em 2022.<\/p>\n\n\n\n<p>&#8220;Ver esses atletas sendo revelados nacionalmente e internacionalmente \u00e9 uma satisfa\u00e7\u00e3o muito grande! Saber que o trabalho est\u00e1 sendo feito, est\u00e1 tendo \u00eaxito e que esses meninos est\u00e3o conquistando aquilo que eles tanto almejam, que \u00e9 representar o Distrito Federal e o Brasil, para mim \u00e9 um sentimento de dever cumprido&#8221; concluiu Manuel.<\/p>\n\n\n\n<p>Uma das hist\u00f3rias recentes e mais marcantes do projeto foi a de Emerson Vieira do Nascimento. Depois de uma s\u00e9rie de desafios de sa\u00fade, incluindo cirurgias corretivas nas pernas e uma fratura no local operado, o atleta alcan\u00e7ou um retorno triunfal ao conquistar o terceiro lugar no &#8220;Trof\u00e9u Adhemar Ferreira da Silva&#8221; nos 400m. Mesmo enfrentando problemas, Emerson registrou a melhor marca pessoal e se consolidou como o terceiro melhor do Brasil na categoria.<\/p>\n\n\n\n<p>A prepara\u00e7\u00e3o para a grande competi\u00e7\u00e3o foi marcada por muitas adversidades antes mesmo da prepara\u00e7\u00e3o. Desde pequeno, Emerson sofreu com dores nas pernas e enfrentou uma cirurgia corretiva e, posteriormente, uma fratura no mesmo local que havia sido operado. Sobre  o treinamento para estar apto, o atleta comentou das dificuldades que ele passou: &#8220;Chegamos na quinta-feira \u00e0 noite, com pouco tempo para descansar. Tive dores abdominais na quarta, fiquei bastante desidratado e fraco&#8221;. <\/p>\n\n\n\n<p>Apesar das condi\u00e7\u00f5es desfavor\u00e1veis, ele decidiu buscar o sonho de conquistar a medalha. &#8220;Quando sa\u00ed na corrida, vi que n\u00e3o estava bem, mas mesmo assim corri. Terminei, passei muito mal, com vontade de desmaiar e vomitar&#8221;, acrescentou.\u200b<\/p>\n\n\n\n<p>Em um projeto t\u00e3o inovador como esse, \u00e9 sempre preciso encontrar parcerias e ajudas para que a ideia possa se estabelecer e encontrar uma estabilidade. Amarildo Fernandes, Presidente da Associa\u00e7\u00e3o dos Delegados da Pol\u00edcia do DF e gestor do Projeto da Adepol, comentou sobre o in\u00edcio do projeto e explicou, tamb\u00e9m, como ocorreram os primeiros contatos: &#8220;n\u00f3s tivemos a ideia de fazer uma parceria com a comunidade do Recanto das Emas em 2019.\u00a0Eu j\u00e1 conhecia o Evaristo Manuel, que \u00e9 o meu treinador de atletismo at\u00e9 hoje, e a gente via que ele tinha muitas crian\u00e7as e adultos praticando atividades. Vimos, ainda, um grande potencial que ele tinha na forma\u00e7\u00e3o destes atletas no n\u00edvel nacional, pois ele apresenta muito conhecimento e \u00e9 muito eficiente no que faz.&#8221;<\/p>\n\n\n\n<p>&#8220;Depois de contratar o Evaristo como t\u00e9cnico e mais um auxiliar, o Luciano, a gente trouxe o Projeto Adepal Formando Atletas para a parceria do Poder P\u00fablico. Com isso, trouxemos 50 atletas, entre meninos e adultos,\u00a0para fazerem a atividade l\u00e1 conosco.&#8221; complementou Amarildo.<\/p>\n\n\n\n<p>A entidade, em parceria com a Secretaria de Esporte e Lazer,&nbsp;faz o envio desses atletas para outros estados para que possam participar de competi\u00e7\u00f5es de n\u00edvel nacional,&nbsp;como ocorreu com o Emerson. &#8220;O Projeto ainda consegue fazer o envio atrav\u00e9s de passagem a\u00e9rea&nbsp;e tamb\u00e9m uma ajuda com hospedagens e alimenta\u00e7\u00e3o&#8221; explica Amarildo.<\/p>\n\n\n\n<p>Para saber mais informa\u00e7\u00f5es do Projeto Forma\u00e7\u00e3o de Atletas da Adepol, voc\u00ea pode conferir o Instagram do grupo neste <a href=\"https:\/\/www.instagram.com\/adepolfatletas\/\">link<\/a>.<\/p>\n","protected":false},"excerpt":{"rendered":"<p>Projeto Formando Atletas est\u00e1 no segundo ciclo e j\u00e1 enviou e medalhou diversos atletas para as Ol\u00edmpiadas<\/p>\n","protected":false},"author":57,"featured_media":28562,"comment_status":"closed","ping_status":"closed","sticky":false,"template":"","format":"standard","meta":{"footnotes":""},"categories":[2],"tags":[],"class_list":["post-28560","post","type-post","status-publish","format-standard","has-post-thumbnail","hentry","category-outros"],"_links":{"self":[{"href":"https:\/\/www.esportesbrasilia.com.br\/noticias\/wp-json\/wp\/v2\/posts\/28560","targetHints":{"allow":["GET"]}}],"collection":[{"href":"https:\/\/www.esportesbrasilia.com.br\/noticias\/wp-json\/wp\/v2\/posts"}],"about":[{"href":"https:\/\/www.esportesbrasilia.com.br\/noticias\/wp-json\/wp\/v2\/types\/post"}],"author":[{"embeddable":true,"href":"https:\/\/www.esportesbrasilia.com.br\/noticias\/wp-json\/wp\/v2\/users\/57"}],"replies":[{"embeddable":true,"href":"https:\/\/www.esportesbrasilia.com.br\/noticias\/wp-json\/wp\/v2\/comments?post=28560"}],"version-history":[{"count":5,"href":"https:\/\/www.esportesbrasilia.com.br\/noticias\/wp-json\/wp\/v2\/posts\/28560\/revisions"}],"predecessor-version":[{"id":28575,"href":"https:\/\/www.esportesbrasilia.com.br\/noticias\/wp-json\/wp\/v2\/posts\/28560\/revisions\/28575"}],"wp:featuredmedia":[{"embeddable":true,"href":"https:\/\/www.esportesbrasilia.com.br\/noticias\/wp-json\/wp\/v2\/media\/28562"}],"wp:attachment":[{"href":"https:\/\/www.esportesbrasilia.com.br\/noticias\/wp-json\/wp\/v2\/media?parent=28560"}],"wp:term":[{"taxonomy":"category","embeddable":true,"href":"https:\/\/www.esportesbrasilia.com.br\/noticias\/wp-json\/wp\/v2\/categories?post=28560"},{"taxonomy":"post_tag","embeddable":true,"href":"https:\/\/www.esportesbrasilia.com.br\/noticias\/wp-json\/wp\/v2\/tags?post=28560"}],"curies":[{"name":"wp","href":"https:\/\/api.w.org\/{rel}","templated":true}]}}