{"id":28417,"date":"2025-03-21T02:46:00","date_gmt":"2025-03-21T05:46:00","guid":{"rendered":"https:\/\/www.esportesbrasilia.com.br\/noticias\/?p=28417"},"modified":"2025-03-24T01:34:32","modified_gmt":"2025-03-24T04:34:32","slug":"com-gol-salvador-no-ultimo-minuto-brasil-vence-colombia-pelas-eliminatorias","status":"publish","type":"post","link":"https:\/\/www.esportesbrasilia.com.br\/noticias\/futebol\/com-gol-salvador-no-ultimo-minuto-brasil-vence-colombia-pelas-eliminatorias.html","title":{"rendered":"Com gol salvador no \u00faltimo minuto, Brasil vence Col\u00f4mbia pelas Eliminat\u00f3rias"},"content":{"rendered":"\n<p>Foto: Alex Farias\/Esportes Bras\u00edlia<\/p>\n\n\n\n<p>Em partida v\u00e1lida pelas Eliminat\u00f3rias da Copa do Mundo da FIFA 2026, o Brasil recebeu a Col\u00f4mbia no est\u00e1dio Nacional de Bras\u00edlia Man\u00e9 Garrincha na noite desta quinta-feira (20).<\/p>\n\n\n\n<p>A partida foi vencida pela sele\u00e7\u00e3o canarinho por 2&#215;1, com o maior p\u00fablico do pa\u00eds em 2025 e o recorde hist\u00f3rico do maior palco do futebol candango: 70.026 torcedores acompanharam Vin\u00edcius Junior garantir a vit\u00f3ria brasileira.<\/p>\n\n\n\n<p>A festa brasileira come\u00e7ou a tr\u00eas minutos de jogo. Vin\u00edcius Junior \u00e9 derrubado na grande \u00e1rea e a arbitragem marca penalidade m\u00e1xima. Raphinha bate na esquerda e desloca o goleiro colombiano para a direita, abrindo o placar para o Brasil no Man\u00e9 Garrincha.<\/p>\n\n\n\n<p>Com 40 minutos, veio a rea\u00e7\u00e3o colombiana. Luis Diaz recebe passe pela esquerda, espera a defesa brasileira abrir e bate na sa\u00edda do goleiro Alisson, sem chance de defesa, empatando o jogo para a Col\u00f4mbia.<\/p>\n\n\n\n<figure class=\"wp-block-image size-large\"><img loading=\"lazy\" decoding=\"async\" width=\"1024\" height=\"682\" src=\"https:\/\/www.esportesbrasilia.com.br\/noticias\/wp-content\/uploads\/luizdias_alexfarias-1024x682.jpeg\" alt=\"\" class=\"wp-image-28419\" srcset=\"https:\/\/www.esportesbrasilia.com.br\/noticias\/wp-content\/uploads\/luizdias_alexfarias-1024x682.jpeg 1024w, https:\/\/www.esportesbrasilia.com.br\/noticias\/wp-content\/uploads\/luizdias_alexfarias-300x200.jpeg 300w, https:\/\/www.esportesbrasilia.com.br\/noticias\/wp-content\/uploads\/luizdias_alexfarias-768x512.jpeg 768w, https:\/\/www.esportesbrasilia.com.br\/noticias\/wp-content\/uploads\/luizdias_alexfarias-1536x1023.jpeg 1536w, https:\/\/www.esportesbrasilia.com.br\/noticias\/wp-content\/uploads\/luizdias_alexfarias.jpeg 1600w\" sizes=\"auto, (max-width: 1024px) 100vw, 1024px\" \/><figcaption class=\"wp-element-caption\">Lu\u00eds Diaz marcou para a Col\u00f4mbia na reta final do primeiro tempo &#8211; Foto: Alex Farias\/Esportes Bras\u00edlia<\/figcaption><\/figure>\n\n\n\n<p>O jogo ficou truncado no segundo tempo, mas coube a Vin\u00edcius Junior garantir a vit\u00f3ria brasileira. J\u00e1 nos acr\u00e9scimos, aos 54 minutos, ap\u00f3s tabela pela esquerda, o camisa 7 brasileiro domina, traz pelo meio e bate forte. A bola desvia em Lerma, da Col\u00f4mbia, e mata o goleiro Vargas, parando na rede advers\u00e1ria. Gol e vit\u00f3ria brasileira por 2&#215;1.<\/p>\n\n\n\n<p>Agora, o Brasil volta as aten\u00e7\u00f5\u00e7es para Buenos Aires\/ARG, onde enfrenta a Argentina nesta ter\u00e7a-feira (25), \u00e0s 21h45.<\/p>\n","protected":false},"excerpt":{"rendered":"<p>Nos acr\u00e9scimos do segundo tempo, Vin\u00edcius Junior marca e garante vit\u00f3ria brasileira no Man\u00e9 Garrincha<\/p>\n","protected":false},"author":2,"featured_media":28418,"comment_status":"closed","ping_status":"closed","sticky":false,"template":"","format":"standard","meta":{"footnotes":""},"categories":[8],"tags":[394,455,1430,1375,1380,1431],"class_list":["post-28417","post","type-post","status-publish","format-standard","has-post-thumbnail","hentry","category-futebol","tag-brasil","tag-colombia","tag-copa-2026","tag-eliminatorias","tag-raphinha","tag-vinicius-junior"],"_links":{"self":[{"href":"https:\/\/www.esportesbrasilia.com.br\/noticias\/wp-json\/wp\/v2\/posts\/28417","targetHints":{"allow":["GET"]}}],"collection":[{"href":"https:\/\/www.esportesbrasilia.com.br\/noticias\/wp-json\/wp\/v2\/posts"}],"about":[{"href":"https:\/\/www.esportesbrasilia.com.br\/noticias\/wp-json\/wp\/v2\/types\/post"}],"author":[{"embeddable":true,"href":"https:\/\/www.esportesbrasilia.com.br\/noticias\/wp-json\/wp\/v2\/users\/2"}],"replies":[{"embeddable":true,"href":"https:\/\/www.esportesbrasilia.com.br\/noticias\/wp-json\/wp\/v2\/comments?post=28417"}],"version-history":[{"count":1,"href":"https:\/\/www.esportesbrasilia.com.br\/noticias\/wp-json\/wp\/v2\/posts\/28417\/revisions"}],"predecessor-version":[{"id":28420,"href":"https:\/\/www.esportesbrasilia.com.br\/noticias\/wp-json\/wp\/v2\/posts\/28417\/revisions\/28420"}],"wp:featuredmedia":[{"embeddable":true,"href":"https:\/\/www.esportesbrasilia.com.br\/noticias\/wp-json\/wp\/v2\/media\/28418"}],"wp:attachment":[{"href":"https:\/\/www.esportesbrasilia.com.br\/noticias\/wp-json\/wp\/v2\/media?parent=28417"}],"wp:term":[{"taxonomy":"category","embeddable":true,"href":"https:\/\/www.esportesbrasilia.com.br\/noticias\/wp-json\/wp\/v2\/categories?post=28417"},{"taxonomy":"post_tag","embeddable":true,"href":"https:\/\/www.esportesbrasilia.com.br\/noticias\/wp-json\/wp\/v2\/tags?post=28417"}],"curies":[{"name":"wp","href":"https:\/\/api.w.org\/{rel}","templated":true}]}}