{"id":28402,"date":"2025-03-25T14:46:31","date_gmt":"2025-03-25T17:46:31","guid":{"rendered":"https:\/\/www.esportesbrasilia.com.br\/noticias\/?p=28402"},"modified":"2025-03-25T14:47:48","modified_gmt":"2025-03-25T17:47:48","slug":"brasilia-sera-a-sede-do-campeonato-mundial-de-marcha-atletica-por-equipes-em-2026","status":"publish","type":"post","link":"https:\/\/www.esportesbrasilia.com.br\/noticias\/outros\/brasilia-sera-a-sede-do-campeonato-mundial-de-marcha-atletica-por-equipes-em-2026.html","title":{"rendered":"Bras\u00edlia ser\u00e1 a sede do Campeonato Mundial de Marcha Atl\u00e9tica por Equipes em 2026"},"content":{"rendered":"\n<p>Bras\u00edlia foi a escolhida para receber o Campeonato Mundial de Marcha Atl\u00e9tica por Equipes da World Athletics em 2026. O an\u00fancio foi feito pelo presidente da World Athletics, Sebastian Coe, na manh\u00e3 desta ter\u00e7a-feira (25\/3), em entrevista de imprensa em Pequim, na China, ap\u00f3s a 237\u00aa Reuni\u00e3o do Conselho Mundial de Atletismo.\u00a0A capital federal concorreu com \u00a0as cidades de Samborond\u00f3n, no Equador, e Vars\u00f3via, capital na Pol\u00f4nia.<\/p>\n\n\n\n<p>O Campeonato Mundial de Marcha Atl\u00e9tica por Equipes 2026 ser\u00e1 realizado no m\u00eas de abril de 2026, em percurso a ser montado na Esplanada dos Minist\u00e9rios, uma vista de cart\u00e3o postal, na \u00e1rea onde est\u00e3o tamb\u00e9m a Catedral Metropolitana, o Museu Nacional da Rep\u00fablica e a Livraria Nacional.<\/p>\n\n\n\n<p>O medalhista Caio Bonfim, prata nos 20 km da marcha atl\u00e9tica nos Jogos Ol\u00edmpicos de Paris-2024, nasceu, treina e vive na cidade. O CASO (Centro de Marcha Atl\u00e9tica de Sobradinho) colocou tr\u00eas atletas nos Jogos Ol\u00edmpicos \u2013 al\u00e9m de Caio, Max Batista e Gabriela Muniz \u2013 e a proposta de Bras\u00edlia argumentou que n\u00e3o poderia haver melhor momento para trazer o Mundial pela primeira vez ao Brasil e \u00e0 Am\u00e9rica do Sul.&nbsp;<\/p>\n\n\n\n<p>&#8220;\u00c9 a primeira vez que esse mundial ser\u00e1 realizado no Hemisf\u00e9rio Sul e nas Am\u00e9ricas. Isso \u00e9 um marco hist\u00f3rico, fruto deste trabalho com a medalha de prata ol\u00edmpica do Caio. A gente est\u00e1 muito feliz, estamos radiantes&#8221; comemora Gianetti Bonfim, m\u00e3e e treinadora de Caio, que foi atleta da marcha.<\/p>\n\n\n\n<p>O slogan usado na candidatura foi &#8220;Bras\u00edlia, ready to walk with the world&#8221; (Bras\u00edlia, pronta para marchar com o mundo). Na proposta de sede, um v\u00eddeo apresentou Bras\u00edlia, localizada no Planalto Central, regi\u00e3o Centro-Oeste, no cora\u00e7\u00e3o do Brasil, como uma cidade \u00fanica.  A candidatura tamb\u00e9m relatou que o Brasil e Bras\u00edlia t\u00eam muitos f\u00e3s de esportes e podem proporcionar aos visitantes atividades culturais e diversificada gastronomia.<\/p>\n\n\n\n<p><\/p>\n\n\n\n<p><\/p>\n\n\n\n<p><\/p>\n\n\n\n<p><\/p>\n\n\n\n<p><\/p>\n","protected":false},"excerpt":{"rendered":"<p>Bras\u00edlia foi a escolhida para receber o Campeonato Mundial de Marcha Atl\u00e9tica por Equipes da World Athletics em 2026. O an\u00fancio foi feito pelo presidente da World Athletics, Sebastian Coe, na manh\u00e3 desta ter\u00e7a-feira (25\/3), em entrevista de imprensa em Pequim, na China, ap\u00f3s a 237\u00aa Reuni\u00e3o do Conselho Mundial de Atletismo.\u00a0A capital federal concorreu [&hellip;]<\/p>\n","protected":false},"author":53,"featured_media":28450,"comment_status":"closed","ping_status":"closed","sticky":false,"template":"","format":"standard","meta":{"footnotes":""},"categories":[2],"tags":[1435],"class_list":["post-28402","post","type-post","status-publish","format-standard","has-post-thumbnail","hentry","category-outros","tag-marcha-atletica"],"_links":{"self":[{"href":"https:\/\/www.esportesbrasilia.com.br\/noticias\/wp-json\/wp\/v2\/posts\/28402","targetHints":{"allow":["GET"]}}],"collection":[{"href":"https:\/\/www.esportesbrasilia.com.br\/noticias\/wp-json\/wp\/v2\/posts"}],"about":[{"href":"https:\/\/www.esportesbrasilia.com.br\/noticias\/wp-json\/wp\/v2\/types\/post"}],"author":[{"embeddable":true,"href":"https:\/\/www.esportesbrasilia.com.br\/noticias\/wp-json\/wp\/v2\/users\/53"}],"replies":[{"embeddable":true,"href":"https:\/\/www.esportesbrasilia.com.br\/noticias\/wp-json\/wp\/v2\/comments?post=28402"}],"version-history":[{"count":7,"href":"https:\/\/www.esportesbrasilia.com.br\/noticias\/wp-json\/wp\/v2\/posts\/28402\/revisions"}],"predecessor-version":[{"id":28452,"href":"https:\/\/www.esportesbrasilia.com.br\/noticias\/wp-json\/wp\/v2\/posts\/28402\/revisions\/28452"}],"wp:featuredmedia":[{"embeddable":true,"href":"https:\/\/www.esportesbrasilia.com.br\/noticias\/wp-json\/wp\/v2\/media\/28450"}],"wp:attachment":[{"href":"https:\/\/www.esportesbrasilia.com.br\/noticias\/wp-json\/wp\/v2\/media?parent=28402"}],"wp:term":[{"taxonomy":"category","embeddable":true,"href":"https:\/\/www.esportesbrasilia.com.br\/noticias\/wp-json\/wp\/v2\/categories?post=28402"},{"taxonomy":"post_tag","embeddable":true,"href":"https:\/\/www.esportesbrasilia.com.br\/noticias\/wp-json\/wp\/v2\/tags?post=28402"}],"curies":[{"name":"wp","href":"https:\/\/api.w.org\/{rel}","templated":true}]}}