{"id":28318,"date":"2025-03-10T14:50:29","date_gmt":"2025-03-10T17:50:29","guid":{"rendered":"https:\/\/www.esportesbrasilia.com.br\/noticias\/?p=28318"},"modified":"2025-03-10T14:58:27","modified_gmt":"2025-03-10T17:58:27","slug":"ffdf-confirma-horarios-das-semifinais-do-candangao-2025","status":"publish","type":"post","link":"https:\/\/www.esportesbrasilia.com.br\/noticias\/futebol\/ffdf-confirma-horarios-das-semifinais-do-candangao-2025.html","title":{"rendered":"FFDF confirma hor\u00e1rios das semifinais do Candang\u00e3o 2025"},"content":{"rendered":"\n<p>Foto: Lucas Bolzan\/FFDF<\/p>\n\n\n\n<p>Anote na agenda! A FFDF divulgou, no in\u00edcio da tarde desta segunda-feira (10), as datas e hor\u00e1rios das partidas das semifinais do Candang\u00e3o 2025.<\/p>\n\n\n\n<p>De um lado, o Brasiliense, que terminou a primeira fase na lideran\u00e7a, com 22 pontos, vai enfrentar o Gama, que ficou em quarto lugar, com 18 pontos.<\/p>\n\n\n\n<p>O jogo de ida acontece neste s\u00e1bado (15), \u00e0s 16h, no est\u00e1dio Bezerr\u00e3o, no Gama. J\u00e1 a partida da volta ser\u00e1 no dia 23 de mar\u00e7o, \u00e0s 16h, no est\u00e1dio Serej\u00e3o, em Taguatinga. Por determina\u00e7\u00e3o do Minist\u00e9rio P\u00fablico do Distrito Federal e Territ\u00f3rios, as duas partidas ter\u00e3o torcida \u00fanica.<\/p>\n\n\n\n<p>Do outro lado, o Capital, que fechou a primeira fase na vice-lideran\u00e7a, com 19 pontos, encara o Ceil\u00e2ndia, atual campe\u00e3o, e que terminou a fase inicial com 18 pontos, na terceira posi\u00e7\u00e3o.<\/p>\n\n\n\n<p>A primeira partida acontece no domingo (16), \u00e0s 16h30, no est\u00e1dio Abadi\u00e3o, na cidade ceilandense. O jogo da volta ser\u00e1 no dia 22 de mar\u00e7o, \u00e0s 16h, no Est\u00e1dio JK.<\/p>\n\n\n\n<p>Quem vencer no confronto dos 180 minutos, garante a vaga na final, al\u00e9m de representar o Distrito Federal nas competi\u00e7\u00f5es nacionais em 2026: Copa do Brasil, Copa Verde e Brasileir\u00e3o S\u00e9rie D.<\/p>\n\n\n\n<p>Os quatro jogos ter\u00e3o transmiss\u00e3o da <strong>Esportes Bras\u00edlia<\/strong>.<\/p>\n","protected":false},"excerpt":{"rendered":"<p>De um lado, Brasiliense enfrentar\u00e1 o Gama. Do outro, atual campe\u00e3o Ceil\u00e2ndia duela contra o atual vice Capital<\/p>\n","protected":false},"author":2,"featured_media":28321,"comment_status":"closed","ping_status":"closed","sticky":false,"template":"","format":"standard","meta":{"footnotes":""},"categories":[8],"tags":[34,38,133,40,54],"class_list":["post-28318","post","type-post","status-publish","format-standard","has-post-thumbnail","hentry","category-futebol","tag-brasiliense","tag-candangao","tag-capital","tag-ceilandia","tag-gama"],"_links":{"self":[{"href":"https:\/\/www.esportesbrasilia.com.br\/noticias\/wp-json\/wp\/v2\/posts\/28318","targetHints":{"allow":["GET"]}}],"collection":[{"href":"https:\/\/www.esportesbrasilia.com.br\/noticias\/wp-json\/wp\/v2\/posts"}],"about":[{"href":"https:\/\/www.esportesbrasilia.com.br\/noticias\/wp-json\/wp\/v2\/types\/post"}],"author":[{"embeddable":true,"href":"https:\/\/www.esportesbrasilia.com.br\/noticias\/wp-json\/wp\/v2\/users\/2"}],"replies":[{"embeddable":true,"href":"https:\/\/www.esportesbrasilia.com.br\/noticias\/wp-json\/wp\/v2\/comments?post=28318"}],"version-history":[{"count":3,"href":"https:\/\/www.esportesbrasilia.com.br\/noticias\/wp-json\/wp\/v2\/posts\/28318\/revisions"}],"predecessor-version":[{"id":28324,"href":"https:\/\/www.esportesbrasilia.com.br\/noticias\/wp-json\/wp\/v2\/posts\/28318\/revisions\/28324"}],"wp:featuredmedia":[{"embeddable":true,"href":"https:\/\/www.esportesbrasilia.com.br\/noticias\/wp-json\/wp\/v2\/media\/28321"}],"wp:attachment":[{"href":"https:\/\/www.esportesbrasilia.com.br\/noticias\/wp-json\/wp\/v2\/media?parent=28318"}],"wp:term":[{"taxonomy":"category","embeddable":true,"href":"https:\/\/www.esportesbrasilia.com.br\/noticias\/wp-json\/wp\/v2\/categories?post=28318"},{"taxonomy":"post_tag","embeddable":true,"href":"https:\/\/www.esportesbrasilia.com.br\/noticias\/wp-json\/wp\/v2\/tags?post=28318"}],"curies":[{"name":"wp","href":"https:\/\/api.w.org\/{rel}","templated":true}]}}