{"id":28275,"date":"2025-03-07T10:51:14","date_gmt":"2025-03-07T13:51:14","guid":{"rendered":"https:\/\/www.esportesbrasilia.com.br\/noticias\/?p=28275"},"modified":"2025-03-07T10:51:15","modified_gmt":"2025-03-07T13:51:15","slug":"mais-um-capital-contrata-joia-formada-no-cruzeiro","status":"publish","type":"post","link":"https:\/\/www.esportesbrasilia.com.br\/noticias\/futebol\/mais-um-capital-contrata-joia-formada-no-cruzeiro.html","title":{"rendered":"Mais um: Capital contrata joia formada no Cruzeiro"},"content":{"rendered":"\n<p><em>Kauan Cristian est\u00e1 regularizado e \u00e0 disposi\u00e7\u00e3o do t\u00e9cnico Marcelo Cabo<\/em><\/p>\n\n\n\n<p>E o Capital segue se refor\u00e7ando para a continuidade da temporada. Na manh\u00e3 desta sexta-feira (7), v\u00e9spera do jogo contra o Gama que pode confirmar a classifica\u00e7\u00e3o como l\u00edder \u00e0s semifinais do Candang\u00e3o, o time anunciou o atacante Kauan Cristian, de 21 anos.<\/p>\n\n\n\n<p>O atleta j\u00e1 est\u00e1 no Distrito Federal e devidamente regularizado, podendo fazer a estreia no confronto contra o alviverde no Bezerr\u00e3o, a partir das 16 horas deste s\u00e1bado.<\/p>\n\n\n\n<p>Vale destacar que as recentes contrata\u00e7\u00f5es do Tricolor t\u00eam surtido efeito imediato. H\u00e1 cerca de um m\u00eas, o ex-lateral Michael Quarcoo retornou ao time na condi\u00e7\u00e3o de jogador de frente. Desde ent\u00e3o vem entrando em todos os jogos, inclusive com gol marcado. Depois dele, foi a vez do ala Vin\u00edcius que, no dia seguinte \u00e0 estreia, apareceu em todas as sele\u00e7\u00f5es da rodada como destaque da posi\u00e7\u00e3o. O \u00faltimo a chegar, foi o atacante Rikelmi, respons\u00e1vel por um dos gols na vit\u00f3ria sobre o Brasiliense, por 3 x 0.<\/p>\n\n\n\n<p><strong>Sobre Kauan<\/strong><\/p>\n\n\n\n<p>O jogador foi revelado pelo Volta Redonda (RJ), onde come\u00e7ou em 2016. Chegou ao elenco profissional, sendo relacionado com frequ\u00eancia. Pelo sub-20, ele se destacou no Campeonato Carioca, torneio que terminou vice-campe\u00e3o da Ta\u00e7a Rio e artilheiro da equipe, com seis gols marcados.<\/p>\n\n\n\n<p>Em 2022, o Cruzeiro fechou a contrata\u00e7\u00e3o do atacante, onde trabalhou sua forma\u00e7\u00e3o at\u00e9 o retorno ao time carioca, por onde foi Campe\u00e3o da S\u00e9rie C do Brasileir\u00e3o e fez parte do elenco que conquistou o acesso \u00e0 S\u00e9rie B.<\/p>\n","protected":false},"excerpt":{"rendered":"<p>Kauan Cristian est\u00e1 regularizado e \u00e0 disposi\u00e7\u00e3o do t\u00e9cnico Marcelo Cabo E o Capital segue se refor\u00e7ando para a continuidade da temporada. Na manh\u00e3 desta sexta-feira (7), v\u00e9spera do jogo contra o Gama que pode confirmar a classifica\u00e7\u00e3o como l\u00edder \u00e0s semifinais do Candang\u00e3o, o time anunciou o atacante Kauan Cristian, de 21 anos. O [&hellip;]<\/p>\n","protected":false},"author":52,"featured_media":28276,"comment_status":"closed","ping_status":"closed","sticky":false,"template":"","format":"standard","meta":{"footnotes":""},"categories":[8],"tags":[],"class_list":["post-28275","post","type-post","status-publish","format-standard","has-post-thumbnail","hentry","category-futebol"],"_links":{"self":[{"href":"https:\/\/www.esportesbrasilia.com.br\/noticias\/wp-json\/wp\/v2\/posts\/28275","targetHints":{"allow":["GET"]}}],"collection":[{"href":"https:\/\/www.esportesbrasilia.com.br\/noticias\/wp-json\/wp\/v2\/posts"}],"about":[{"href":"https:\/\/www.esportesbrasilia.com.br\/noticias\/wp-json\/wp\/v2\/types\/post"}],"author":[{"embeddable":true,"href":"https:\/\/www.esportesbrasilia.com.br\/noticias\/wp-json\/wp\/v2\/users\/52"}],"replies":[{"embeddable":true,"href":"https:\/\/www.esportesbrasilia.com.br\/noticias\/wp-json\/wp\/v2\/comments?post=28275"}],"version-history":[{"count":1,"href":"https:\/\/www.esportesbrasilia.com.br\/noticias\/wp-json\/wp\/v2\/posts\/28275\/revisions"}],"predecessor-version":[{"id":28277,"href":"https:\/\/www.esportesbrasilia.com.br\/noticias\/wp-json\/wp\/v2\/posts\/28275\/revisions\/28277"}],"wp:featuredmedia":[{"embeddable":true,"href":"https:\/\/www.esportesbrasilia.com.br\/noticias\/wp-json\/wp\/v2\/media\/28276"}],"wp:attachment":[{"href":"https:\/\/www.esportesbrasilia.com.br\/noticias\/wp-json\/wp\/v2\/media?parent=28275"}],"wp:term":[{"taxonomy":"category","embeddable":true,"href":"https:\/\/www.esportesbrasilia.com.br\/noticias\/wp-json\/wp\/v2\/categories?post=28275"},{"taxonomy":"post_tag","embeddable":true,"href":"https:\/\/www.esportesbrasilia.com.br\/noticias\/wp-json\/wp\/v2\/tags?post=28275"}],"curies":[{"name":"wp","href":"https:\/\/api.w.org\/{rel}","templated":true}]}}