{"id":28268,"date":"2025-03-06T16:40:31","date_gmt":"2025-03-06T19:40:31","guid":{"rendered":"https:\/\/www.esportesbrasilia.com.br\/noticias\/?p=28268"},"modified":"2025-03-06T16:40:32","modified_gmt":"2025-03-06T19:40:32","slug":"capital-negocia-mais-uma-joia-da-base","status":"publish","type":"post","link":"https:\/\/www.esportesbrasilia.com.br\/noticias\/futebol\/capital-negocia-mais-uma-joia-da-base.html","title":{"rendered":"Capital negocia mais uma joia da base"},"content":{"rendered":"\n<p><em>Jovem Samuel Costa, Cria do Coruja, vai para o Santos e vira Menino da Vila<\/em><\/p>\n\n\n\n<p>O Capital acaba de negociar mais uma promessa. O nome da vez \u00e9 Samuel Costa, zagueiro de 17 anos, que est\u00e1 no Tricolor Candango desde o ano passado. Campe\u00e3o Candango da categoria e da Copa Novos talentos, o defensor vinha sendo um dos destaques da equipe nas \u00faltimas competi\u00e7\u00f5es de base.<\/p>\n\n\n\n<p>A exemplo das \u00faltimas negocia\u00e7\u00f5es, h\u00e1 uma cl\u00e1usula de confidencialidade nos valores e percentuais de ganho do Capital. De toda forma, a SAF garante que trata-se de uma das maiores negocia\u00e7\u00f5es do futebol do Distrito Federal nos \u00faltimos anos. O que se sabe \u00e9 acerca da exist\u00eancia de termos de bonifica\u00e7\u00e3o para o Tricolor Candango a depender do desempenho e da produtividade do garoto.<\/p>\n\n\n\n<p>Cria do Coruja, como s\u00e3o conhecidos os jovens formados no time do Distrito Federal; Samuel j\u00e1 est\u00e1 em Santos e treina com os Meninos da Vila. \u201cEu estou realizando um sonho. H\u00e1 alguns dias, eu cruzei com o Neymar e percebi que estou no caminho certo. Sou muito grato ao Capital, pois foi onde tudo come\u00e7ou a se realizar na minha vida\u201d, destacou o jovem.<\/p>\n\n\n\n<p>Somente neste ano, essa \u00e9 a terceira joia negociada pelo Capital. Antes de Samuel, o time anunciou a venda do lateral-direito Dudu para o Red Bull Bragantino. O ala de 18 anos foi um dos respons\u00e1veis pelo t\u00edtulo do Candang\u00e3o sub-17 do ano passado, ao marcar um dos gols na vit\u00f3ria por 2 x 1 sobre o Cana\u00e3. Al\u00e9m dele, o volante Pedro Filipe. \u00danico atleta do Capital a trabalhar em quatro categorias do time ao longo do ano passado, o jovem de apenas 15 anos foi destaque nos t\u00edtulos do Capital no Candang\u00e3o sub-15, no Candang\u00e3o sub-17 e na campanha da Copa Bras\u00edlia sub-20. Treinando com a equipe profissional desde novembro, o garoto tinha sondagens de clubes tradicionais, principalmente, do eixo Rio-S\u00e3o Paulo-Minas Gerais<\/p>\n","protected":false},"excerpt":{"rendered":"<p>Jovem Samuel Costa, Cria do Coruja, vai para o Santos e vira Menino da Vila O Capital acaba de negociar mais uma promessa. O nome da vez \u00e9 Samuel Costa, zagueiro de 17 anos, que est\u00e1 no Tricolor Candango desde o ano passado. Campe\u00e3o Candango da categoria e da Copa Novos talentos, o defensor vinha [&hellip;]<\/p>\n","protected":false},"author":52,"featured_media":28269,"comment_status":"closed","ping_status":"closed","sticky":false,"template":"","format":"standard","meta":{"footnotes":""},"categories":[8],"tags":[],"class_list":["post-28268","post","type-post","status-publish","format-standard","has-post-thumbnail","hentry","category-futebol"],"_links":{"self":[{"href":"https:\/\/www.esportesbrasilia.com.br\/noticias\/wp-json\/wp\/v2\/posts\/28268","targetHints":{"allow":["GET"]}}],"collection":[{"href":"https:\/\/www.esportesbrasilia.com.br\/noticias\/wp-json\/wp\/v2\/posts"}],"about":[{"href":"https:\/\/www.esportesbrasilia.com.br\/noticias\/wp-json\/wp\/v2\/types\/post"}],"author":[{"embeddable":true,"href":"https:\/\/www.esportesbrasilia.com.br\/noticias\/wp-json\/wp\/v2\/users\/52"}],"replies":[{"embeddable":true,"href":"https:\/\/www.esportesbrasilia.com.br\/noticias\/wp-json\/wp\/v2\/comments?post=28268"}],"version-history":[{"count":1,"href":"https:\/\/www.esportesbrasilia.com.br\/noticias\/wp-json\/wp\/v2\/posts\/28268\/revisions"}],"predecessor-version":[{"id":28270,"href":"https:\/\/www.esportesbrasilia.com.br\/noticias\/wp-json\/wp\/v2\/posts\/28268\/revisions\/28270"}],"wp:featuredmedia":[{"embeddable":true,"href":"https:\/\/www.esportesbrasilia.com.br\/noticias\/wp-json\/wp\/v2\/media\/28269"}],"wp:attachment":[{"href":"https:\/\/www.esportesbrasilia.com.br\/noticias\/wp-json\/wp\/v2\/media?parent=28268"}],"wp:term":[{"taxonomy":"category","embeddable":true,"href":"https:\/\/www.esportesbrasilia.com.br\/noticias\/wp-json\/wp\/v2\/categories?post=28268"},{"taxonomy":"post_tag","embeddable":true,"href":"https:\/\/www.esportesbrasilia.com.br\/noticias\/wp-json\/wp\/v2\/tags?post=28268"}],"curies":[{"name":"wp","href":"https:\/\/api.w.org\/{rel}","templated":true}]}}