{"id":28075,"date":"2025-02-22T15:17:45","date_gmt":"2025-02-22T18:17:45","guid":{"rendered":"https:\/\/www.esportesbrasilia.com.br\/noticias\/?p=28075"},"modified":"2025-02-22T15:17:46","modified_gmt":"2025-02-22T18:17:46","slug":"times-do-df-vivem-opostos-apos-primeiro-turno-da-superliga-b-masculina","status":"publish","type":"post","link":"https:\/\/www.esportesbrasilia.com.br\/noticias\/volei\/times-do-df-vivem-opostos-apos-primeiro-turno-da-superliga-b-masculina.html","title":{"rendered":"Times do DF vivem opostos ap\u00f3s primeiro turno da Superliga B Masculina"},"content":{"rendered":"\n<p>Foto: Rog\u00e9rio Guerreiro\/Bras\u00edlia V\u00f4lei<\/p>\n\n\n\n<p>Acabou a primeira fase da Superliga B Masculina de v\u00f4lei. O Distrito Federal tem dois representantes, que vivem momentos opostos na competi\u00e7\u00e3o.<\/p>\n\n\n\n<p>O Bras\u00edlia V\u00f4lei, comandado por Marcelo Thiessen, terminou a primeira fase na quinta posi\u00e7\u00e3o, com 20 pontos ganhos. Em 11 jogos, o verd\u00e3o anotou sete vit\u00f3rias e quatro derrotas.<\/p>\n\n\n\n<p>J\u00e1 o Real Brasiliense, treinado por Edinho, est\u00e1 em situa\u00e7\u00e3o mais complicada: o time ainda n\u00e3o pontuou na competi\u00e7\u00e3o e soma 11 derrotas, figurando na zona de rebaixamento do certame.<\/p>\n\n\n\n<p>Vale lembrar que, de acordo com o Artigo 50 do regulamento da Superliga B, os quatr \u00faltimos colocados ser\u00e3o rebaixados para a Superliga C em 2026.<\/p>\n\n\n\n<p>Os times voltam \u00e0s quadras neste fim de semana. O Real Brasiliense visita o Maring\u00e1 V\u00f4lei neste s\u00e1bado (22), \u00e0s 18h30, em Maring\u00e1\/PR. J\u00e1 o Bras\u00edlia V\u00f4lei recebe o Monte Carmelo no domingo (23), \u00e0s 17h, no Gin\u00e1sio do SESI, em Taguatinga.<\/p>\n","protected":false},"excerpt":{"rendered":"<p>Bras\u00edlia V\u00f4lei segue em busca das vagas nas semifinais da competi\u00e7\u00e3o, enquanto o Real Brasiliense luta para n\u00e3o ser rebaixado para a Superliga C<\/p>\n","protected":false},"author":2,"featured_media":26942,"comment_status":"closed","ping_status":"closed","sticky":false,"template":"","format":"standard","meta":{"footnotes":""},"categories":[11],"tags":[],"class_list":["post-28075","post","type-post","status-publish","format-standard","has-post-thumbnail","hentry","category-volei"],"_links":{"self":[{"href":"https:\/\/www.esportesbrasilia.com.br\/noticias\/wp-json\/wp\/v2\/posts\/28075","targetHints":{"allow":["GET"]}}],"collection":[{"href":"https:\/\/www.esportesbrasilia.com.br\/noticias\/wp-json\/wp\/v2\/posts"}],"about":[{"href":"https:\/\/www.esportesbrasilia.com.br\/noticias\/wp-json\/wp\/v2\/types\/post"}],"author":[{"embeddable":true,"href":"https:\/\/www.esportesbrasilia.com.br\/noticias\/wp-json\/wp\/v2\/users\/2"}],"replies":[{"embeddable":true,"href":"https:\/\/www.esportesbrasilia.com.br\/noticias\/wp-json\/wp\/v2\/comments?post=28075"}],"version-history":[{"count":1,"href":"https:\/\/www.esportesbrasilia.com.br\/noticias\/wp-json\/wp\/v2\/posts\/28075\/revisions"}],"predecessor-version":[{"id":28076,"href":"https:\/\/www.esportesbrasilia.com.br\/noticias\/wp-json\/wp\/v2\/posts\/28075\/revisions\/28076"}],"wp:featuredmedia":[{"embeddable":true,"href":"https:\/\/www.esportesbrasilia.com.br\/noticias\/wp-json\/wp\/v2\/media\/26942"}],"wp:attachment":[{"href":"https:\/\/www.esportesbrasilia.com.br\/noticias\/wp-json\/wp\/v2\/media?parent=28075"}],"wp:term":[{"taxonomy":"category","embeddable":true,"href":"https:\/\/www.esportesbrasilia.com.br\/noticias\/wp-json\/wp\/v2\/categories?post=28075"},{"taxonomy":"post_tag","embeddable":true,"href":"https:\/\/www.esportesbrasilia.com.br\/noticias\/wp-json\/wp\/v2\/tags?post=28075"}],"curies":[{"name":"wp","href":"https:\/\/api.w.org\/{rel}","templated":true}]}}