{"id":27803,"date":"2025-02-05T16:32:19","date_gmt":"2025-02-05T19:32:19","guid":{"rendered":"https:\/\/www.esportesbrasilia.com.br\/noticias\/?p=27803"},"modified":"2025-02-05T16:32:20","modified_gmt":"2025-02-05T19:32:20","slug":"mpdft-recomenda-torcida-unica-em-jogos-entre-brasiliense-e-ceilandia","status":"publish","type":"post","link":"https:\/\/www.esportesbrasilia.com.br\/noticias\/futebol\/mpdft-recomenda-torcida-unica-em-jogos-entre-brasiliense-e-ceilandia.html","title":{"rendered":"MPDFT recomenda torcida \u00fanica em jogos entre Brasiliense e Ceil\u00e2ndia"},"content":{"rendered":"\n<p>O Minist\u00e9rio P\u00fablico do Distrito Federal e Territ\u00f3rios (MPDFT) expediu uma recomenda\u00e7\u00e3o na \u00faltima ter\u00e7a-feira (4\/02), recomendando ao secret\u00e1rio de seguran\u00e7a p\u00fablica, Sandro Torres Avelar, que adote medidas restritivas em rela\u00e7\u00e3o \u00e0 presen\u00e7a de p\u00fablico nos jogos entre o Brasiliense e o Ceil\u00e2ndia por, pelo menos, duas rodadas, como forma de garantir a seguran\u00e7a dos torcedores e prevenir epis\u00f3dios de viol\u00eancia.<\/p>\n\n\n\n<p>A medida foi tomada ap\u00f3s o conflito ocorrido entre membros das torcidas organizadas do Ceil\u00e2ndia e do Brasiliense no  \u00faltimo domingo (2\/02). Ap\u00f3s a partida e as confus\u00f5es ocorridas ap\u00f3s o t\u00e9rmino, o MPDFT participou de reuni\u00e3o com representantes da Secretaria de Seguran\u00e7a P\u00fablica, da Pol\u00edcia Militar e das torcidas organizadas dos dois times para discutir o problema.<\/p>\n\n\n\n<p>A recomenda\u00e7\u00e3o deve ser divulgada ao p\u00fablico em geral e enviada \u00e0 Federa\u00e7\u00e3o de Futebol do Distrito Federal (FFDF) e aos dirigentes dos clubes envolvidos no prazo de 10 dias para garantir o conhecimento e o cumprimento das medidas. <\/p>\n\n\n\n<p>Eduardo Sabo, procurador distrital dos direitos do cidad\u00e3o, lembra que \u00e9 dever de toda a sociedade assegurar a paz nos est\u00e1dios. \u201cEssa medida visa proporcionar um ambiente seguro e controlado durante os jogos entre Brasiliense e Ceil\u00e2ndia, buscando prevenir incidentes de viol\u00eancia que possam colocar em risco a integridade f\u00edsica dos torcedores e demais envolvidos nas partidas\u201d, comentou.<\/p>\n\n\n\n<p>O documento tamb\u00e9m \u00e9 assinado por representantes das Promotorias de Justi\u00e7a Especiais Criminais, das Promotorias de Justi\u00e7a Regionais de Defesa dos Direitos Difusos (Proreg), da Promotoria de Justi\u00e7a de Defesa do Consumidor (Prodecon) e da Promotoria de Justi\u00e7a de Ceil\u00e2ndia, integrantes da&nbsp;Comiss\u00e3o Permanente de Preven\u00e7\u00e3o e Combate \u00e0 Viol\u00eancia nos Est\u00e1dios do MPDFT.<\/p>\n\n\n\n<p>Clique\u00a0<a href=\"https:\/\/www.mpdft.mp.br\/portal\/images\/noticias\/fevereiro_2025\/recomendacao_mpdft_conjunta_n_02_-2025.pdf\" target=\"_blank\" rel=\"noreferrer noopener\"><strong>aqui<\/strong><\/a>\u00a0para ler a recomenda\u00e7\u00e3o.<\/p>\n\n\n\n<p><\/p>\n","protected":false},"excerpt":{"rendered":"<p>O Minist\u00e9rio P\u00fablico do Distrito Federal e Territ\u00f3rios (MPDFT) expediu uma recomenda\u00e7\u00e3o na \u00faltima ter\u00e7a-feira (4\/02), recomendando ao secret\u00e1rio de seguran\u00e7a p\u00fablica, Sandro Torres Avelar, que adote medidas restritivas em rela\u00e7\u00e3o \u00e0 presen\u00e7a de p\u00fablico nos jogos entre o Brasiliense e o Ceil\u00e2ndia por, pelo menos, duas rodadas, como forma de garantir a seguran\u00e7a dos [&hellip;]<\/p>\n","protected":false},"author":53,"featured_media":27807,"comment_status":"closed","ping_status":"closed","sticky":false,"template":"","format":"standard","meta":{"footnotes":""},"categories":[8],"tags":[34,788,801,40,499,1416],"class_list":["post-27803","post","type-post","status-publish","format-standard","has-post-thumbnail","hentry","category-futebol","tag-brasiliense","tag-bse","tag-cei","tag-ceilandia","tag-mpdft","tag-torcidas"],"_links":{"self":[{"href":"https:\/\/www.esportesbrasilia.com.br\/noticias\/wp-json\/wp\/v2\/posts\/27803","targetHints":{"allow":["GET"]}}],"collection":[{"href":"https:\/\/www.esportesbrasilia.com.br\/noticias\/wp-json\/wp\/v2\/posts"}],"about":[{"href":"https:\/\/www.esportesbrasilia.com.br\/noticias\/wp-json\/wp\/v2\/types\/post"}],"author":[{"embeddable":true,"href":"https:\/\/www.esportesbrasilia.com.br\/noticias\/wp-json\/wp\/v2\/users\/53"}],"replies":[{"embeddable":true,"href":"https:\/\/www.esportesbrasilia.com.br\/noticias\/wp-json\/wp\/v2\/comments?post=27803"}],"version-history":[{"count":3,"href":"https:\/\/www.esportesbrasilia.com.br\/noticias\/wp-json\/wp\/v2\/posts\/27803\/revisions"}],"predecessor-version":[{"id":27808,"href":"https:\/\/www.esportesbrasilia.com.br\/noticias\/wp-json\/wp\/v2\/posts\/27803\/revisions\/27808"}],"wp:featuredmedia":[{"embeddable":true,"href":"https:\/\/www.esportesbrasilia.com.br\/noticias\/wp-json\/wp\/v2\/media\/27807"}],"wp:attachment":[{"href":"https:\/\/www.esportesbrasilia.com.br\/noticias\/wp-json\/wp\/v2\/media?parent=27803"}],"wp:term":[{"taxonomy":"category","embeddable":true,"href":"https:\/\/www.esportesbrasilia.com.br\/noticias\/wp-json\/wp\/v2\/categories?post=27803"},{"taxonomy":"post_tag","embeddable":true,"href":"https:\/\/www.esportesbrasilia.com.br\/noticias\/wp-json\/wp\/v2\/tags?post=27803"}],"curies":[{"name":"wp","href":"https:\/\/api.w.org\/{rel}","templated":true}]}}