{"id":27788,"date":"2025-02-04T21:44:54","date_gmt":"2025-02-05T00:44:54","guid":{"rendered":"https:\/\/www.esportesbrasilia.com.br\/noticias\/?p=27788"},"modified":"2025-02-05T15:24:57","modified_gmt":"2025-02-05T18:24:57","slug":"capital-saf-anuncia-goleiro-campeao-nacional","status":"publish","type":"post","link":"https:\/\/www.esportesbrasilia.com.br\/noticias\/futebol\/capital-saf-anuncia-goleiro-campeao-nacional.html","title":{"rendered":"Capital anuncia goleiro campe\u00e3o nacional\u00a0"},"content":{"rendered":"\n<p><strong>Foto: Gustavo Roquete\/Capital<\/strong><\/p>\n\n\n\n<p>O goleiro Reynaldo \u00e9 o novo refor\u00e7o do Capital SAF para a temporada. Vindo do Santo Andr\u00e9 (SP), o arqueiro de 33 anos chega para suprir a car\u00eancia deixada por Luan Santos, duas vezes seguidas eleito o melhor goleiro do Candang\u00e3o, que precisou se afastar da equipe para tratar de uma fratura no cotovelo direito.&nbsp;<\/p>\n\n\n\n<p>O defensor j\u00e1 est\u00e1 inscrito no Boletim Informativo Di\u00e1rio da Confedera\u00e7\u00e3o Brasileira de Futebol (BID-CBF) e inicia a rotina de trabalhos com o grupo do t\u00e9cnico Paulinho Kobayashi, com foco tanto na competi\u00e7\u00e3o local quanto no duelo contra o Brasiliense, pela segunda fase da Copa Verde, \u00e0s 16h desta quinta-feira (6), no Est\u00e1dio Serej\u00e3o, em Taguatinga.<\/p>\n\n\n\n<p>Al\u00e9m do Santo Andr\u00e9, Reynaldo come\u00e7ou a carreira na Ponte Preta e tem passagens por diversos times do futebol Brasileiro, como Mogi Mirim, Linense, Oper\u00e1rio-PR, Am\u00e9rica-RN, Manaus, Noroeste e Herc\u00edlio Luz.<\/p>\n\n\n\n<p>Nesta temporada, o goleiro foi titular no acesso do Noroeste para a S\u00e9rie A1 do Campeonato Paulista. Na carreira, o goleiro ainda foi campe\u00e3o da S\u00e9rie C do Campeonato Brasileiro, pelo Oper\u00e1rio-PR, e da Copa Paulista, pelo Linense.<\/p>\n","protected":false},"excerpt":{"rendered":"<p>Reynaldo chega para refor\u00e7ar o elenco com a aus\u00eancia de Luan, ap\u00f3s les\u00e3o no cotovelo<\/p>\n","protected":false},"author":52,"featured_media":27790,"comment_status":"closed","ping_status":"closed","sticky":false,"template":"","format":"standard","meta":{"footnotes":""},"categories":[8],"tags":[],"class_list":["post-27788","post","type-post","status-publish","format-standard","has-post-thumbnail","hentry","category-futebol"],"_links":{"self":[{"href":"https:\/\/www.esportesbrasilia.com.br\/noticias\/wp-json\/wp\/v2\/posts\/27788","targetHints":{"allow":["GET"]}}],"collection":[{"href":"https:\/\/www.esportesbrasilia.com.br\/noticias\/wp-json\/wp\/v2\/posts"}],"about":[{"href":"https:\/\/www.esportesbrasilia.com.br\/noticias\/wp-json\/wp\/v2\/types\/post"}],"author":[{"embeddable":true,"href":"https:\/\/www.esportesbrasilia.com.br\/noticias\/wp-json\/wp\/v2\/users\/52"}],"replies":[{"embeddable":true,"href":"https:\/\/www.esportesbrasilia.com.br\/noticias\/wp-json\/wp\/v2\/comments?post=27788"}],"version-history":[{"count":2,"href":"https:\/\/www.esportesbrasilia.com.br\/noticias\/wp-json\/wp\/v2\/posts\/27788\/revisions"}],"predecessor-version":[{"id":27802,"href":"https:\/\/www.esportesbrasilia.com.br\/noticias\/wp-json\/wp\/v2\/posts\/27788\/revisions\/27802"}],"wp:featuredmedia":[{"embeddable":true,"href":"https:\/\/www.esportesbrasilia.com.br\/noticias\/wp-json\/wp\/v2\/media\/27790"}],"wp:attachment":[{"href":"https:\/\/www.esportesbrasilia.com.br\/noticias\/wp-json\/wp\/v2\/media?parent=27788"}],"wp:term":[{"taxonomy":"category","embeddable":true,"href":"https:\/\/www.esportesbrasilia.com.br\/noticias\/wp-json\/wp\/v2\/categories?post=27788"},{"taxonomy":"post_tag","embeddable":true,"href":"https:\/\/www.esportesbrasilia.com.br\/noticias\/wp-json\/wp\/v2\/tags?post=27788"}],"curies":[{"name":"wp","href":"https:\/\/api.w.org\/{rel}","templated":true}]}}