{"id":27716,"date":"2025-02-03T12:26:09","date_gmt":"2025-02-03T15:26:09","guid":{"rendered":"https:\/\/www.esportesbrasilia.com.br\/noticias\/?p=27716"},"modified":"2025-02-03T15:01:33","modified_gmt":"2025-02-03T18:01:33","slug":"quarcoo-esta-de-volta-ao-capital","status":"publish","type":"post","link":"https:\/\/www.esportesbrasilia.com.br\/noticias\/futebol\/quarcoo-esta-de-volta-ao-capital.html","title":{"rendered":"Quarcoo est\u00e1 de volta ao Capital"},"content":{"rendered":"\n<p><strong>Foto: Gustavo Roquete\/Capital<\/strong><\/p>\n\n\n\n<p>Destaque da Copa S\u00e3o Paulo de Futebol J\u00fanior do ano passado pelo Capital, o ala-esquerdo Michael Quarcoo est\u00e1 de volta ao Tricolor do Distrito Federal. Ap\u00f3s seis gols e uma atua\u00e7\u00e3o de gala na Copinha, o gan\u00eas foi negociado junto ao Fortaleza, onde ficou por uma ano. O jogador de 20 anos chega nesta segunda-feira (03\/02) e j\u00e1 se apresenta ao t\u00e9cnico Paulinho Kobayashi para retomar o trabalho na equipe que o revelou para o futebol.<\/p>\n\n\n\n<p>\u201cEstou feliz por estar de volta \u00e0 capital. Vamos trabalhar e projetar o nome do time em n\u00edvel nacional. Agora \u00e9 trabalhar para conquistar t\u00edtulos no profissional, assim como foi na base\u201d, destacou o jogar que defende e ataca com a mesma qualidade dentro de campo.<\/p>\n\n\n\n<p>Pelo Le\u00e3o do Pici, Quarcoo marcou seis gols Cearense Sub-20 e oito no Brasileir\u00e3o da mesma categoria, al\u00e9m de cinco assist\u00eancias. Na semana passada, o jovem esteou pelo profissional do Fortaleza, na vit\u00f3ria diante do Cariri por 7 x 0, pela primeira rodada do Campeonato Cearense. Ele saiu do banco de reservas aos 32 minutos do segundo tempo.<\/p>\n\n\n\n<p><strong>Conhe\u00e7a Quarcoo<\/strong><\/p>\n\n\n\n<p>Sua trajet\u00f3ria no futebol \u00e9 marcada por desafios e supera\u00e7\u00f5es desde a inf\u00e2ncia em Agona Swedru, Gana. Antes de se dedicar integralmente ao futebol, Quarcoo ajudava sua av\u00f3 no com\u00e9rcio local, conciliando o trabalho com os treinos e jogos em torneios juvenis. Sua performance chamou a aten\u00e7\u00e3o de olheiros do Capital SAF, que o trouxe ao Brasil em meados de 2023.\u00a0<\/p>\n\n\n\n<p>Na Copinha de 2024, atuando como lateral-esquerdo pelo Tricolor, Quarcoo marcou seis gols em cinco jogos, tornando-se o maior artilheiro estrangeiro de uma \u00fanica edi\u00e7\u00e3o da competi\u00e7\u00e3o. Agora, ele volta ao time que o revelou para a disputa do Candang\u00e3o, Copa Verde, Copa do Brasil e S\u00e9rie D do Brasileir\u00e3o.<\/p>\n","protected":false},"excerpt":{"rendered":"<p>Joia ganesa est\u00e1 de volta ao time ap\u00f3s um ano no Fortaleza<\/p>\n","protected":false},"author":52,"featured_media":27717,"comment_status":"closed","ping_status":"closed","sticky":false,"template":"","format":"standard","meta":{"footnotes":""},"categories":[8],"tags":[],"class_list":["post-27716","post","type-post","status-publish","format-standard","has-post-thumbnail","hentry","category-futebol"],"_links":{"self":[{"href":"https:\/\/www.esportesbrasilia.com.br\/noticias\/wp-json\/wp\/v2\/posts\/27716","targetHints":{"allow":["GET"]}}],"collection":[{"href":"https:\/\/www.esportesbrasilia.com.br\/noticias\/wp-json\/wp\/v2\/posts"}],"about":[{"href":"https:\/\/www.esportesbrasilia.com.br\/noticias\/wp-json\/wp\/v2\/types\/post"}],"author":[{"embeddable":true,"href":"https:\/\/www.esportesbrasilia.com.br\/noticias\/wp-json\/wp\/v2\/users\/52"}],"replies":[{"embeddable":true,"href":"https:\/\/www.esportesbrasilia.com.br\/noticias\/wp-json\/wp\/v2\/comments?post=27716"}],"version-history":[{"count":2,"href":"https:\/\/www.esportesbrasilia.com.br\/noticias\/wp-json\/wp\/v2\/posts\/27716\/revisions"}],"predecessor-version":[{"id":27729,"href":"https:\/\/www.esportesbrasilia.com.br\/noticias\/wp-json\/wp\/v2\/posts\/27716\/revisions\/27729"}],"wp:featuredmedia":[{"embeddable":true,"href":"https:\/\/www.esportesbrasilia.com.br\/noticias\/wp-json\/wp\/v2\/media\/27717"}],"wp:attachment":[{"href":"https:\/\/www.esportesbrasilia.com.br\/noticias\/wp-json\/wp\/v2\/media?parent=27716"}],"wp:term":[{"taxonomy":"category","embeddable":true,"href":"https:\/\/www.esportesbrasilia.com.br\/noticias\/wp-json\/wp\/v2\/categories?post=27716"},{"taxonomy":"post_tag","embeddable":true,"href":"https:\/\/www.esportesbrasilia.com.br\/noticias\/wp-json\/wp\/v2\/tags?post=27716"}],"curies":[{"name":"wp","href":"https:\/\/api.w.org\/{rel}","templated":true}]}}