{"id":27441,"date":"2025-01-26T13:52:02","date_gmt":"2025-01-26T16:52:02","guid":{"rendered":"https:\/\/www.esportesbrasilia.com.br\/noticias\/?p=27441"},"modified":"2025-01-27T14:24:58","modified_gmt":"2025-01-27T17:24:58","slug":"estadio-abadiao-ganha-iluminacao-para-jogos-noturnos-apos-reforma-de-r-870-mil","status":"publish","type":"post","link":"https:\/\/www.esportesbrasilia.com.br\/noticias\/futebol\/estadio-abadiao-ganha-iluminacao-para-jogos-noturnos-apos-reforma-de-r-870-mil.html","title":{"rendered":"Est\u00e1dio Abadi\u00e3o ganha ilumina\u00e7\u00e3o para jogos noturnos ap\u00f3s reforma de R$ 870 mil"},"content":{"rendered":"\n<p><strong>Foto: SEL-DF\/Divulga\u00e7\u00e3o<\/strong><\/p>\n\n\n\n<p>O Est\u00e1dio Abadi\u00e3o, casa do Ceil\u00e2ndia, passa por reparos para poder sediar jogos no per\u00edodo noturno. De acordo com a Secretaria de Esporte, foram empenhados R$ 870 mil para a revis\u00e3o e substitui\u00e7\u00e3o de oito torres de refletores, al\u00e9m de ajustes nas instala\u00e7\u00f5es el\u00e9tricas e hidr\u00e1ulicas do local.<\/p>\n\n\n\n<p>O contrato para os servi\u00e7os de manuten\u00e7\u00e3o da ilumina\u00e7\u00e3o foi firmado na \u00faltima sexta-feira (24\/01) com a empresa Contarpp. A iniciativa atende \u00e0s exig\u00eancias da Federa\u00e7\u00e3o de Futebol do Distrito Federal (FFDF) e da Confedera\u00e7\u00e3o Brasileira de Futebol (CBF) e ser\u00e1 v\u00e1lida para jogos do Candang\u00e3o 2025 e da S\u00e9rie D.<\/p>\n\n\n\n<p>Segundo o secret\u00e1rio de Esporte, Renato Junqueira, a moderniza\u00e7\u00e3o da estrutura \u00e9 essencial para oferecer melhores condi\u00e7\u00f5es a todos os envolvidos nas partidas. \u201cA manuten\u00e7\u00e3o da ilumina\u00e7\u00e3o do est\u00e1dio \u00e9 fundamental para garantir seguran\u00e7a e conforto durante os jogos, al\u00e9m de valorizar o campeonato e as equipes que competem\u201d, afirmou, \u00e0 <em>Ag\u00eancia Bras\u00edlia<\/em>.<\/p>\n\n\n\n<p>A possibilidade de realizar jogos noturnos atende a um desejo antigo do clube. O presidente do Ceil\u00e2ndia, Ari de Almeida, <a href=\"https:\/\/www.instagram.com\/p\/DExgfB7xwR7\/?igsh=anU1OXBzNnJraTBj\" data-type=\"link\" data-id=\"https:\/\/www.instagram.com\/p\/DExgfB7xwR7\/?igsh=anU1OXBzNnJraTBj\" target=\"_blank\" rel=\"noreferrer noopener\">j\u00e1 havia expressado a import\u00e2ncia de modernizar a ilumina\u00e7\u00e3o para atender \u00e0 demanda<\/a>.<\/p>\n\n\n\n<p>Os servi\u00e7os contratados pelo Governo do Distrito Federal (GDF) incluem a atualiza\u00e7\u00e3o do sistema el\u00e9trico, a substitui\u00e7\u00e3o de componentes danificados e uma inspe\u00e7\u00e3o geral da rede hidr\u00e1ulica. As obras, ainda em andamento, devem assegurar maior efici\u00eancia e qualidade \u00e0 estrutura do est\u00e1dio.<\/p>\n","protected":false},"excerpt":{"rendered":"<p>Reformas incluem moderniza\u00e7\u00e3o da ilumina\u00e7\u00e3o, revis\u00e3o el\u00e9trica e hidr\u00e1ulica, garantindo seguran\u00e7a e conforto para jogos noturnos<\/p>\n","protected":false},"author":55,"featured_media":27442,"comment_status":"closed","ping_status":"closed","sticky":false,"template":"","format":"standard","meta":{"footnotes":""},"categories":[8],"tags":[43,40],"class_list":["post-27441","post","type-post","status-publish","format-standard","has-post-thumbnail","hentry","category-futebol","tag-abadiao","tag-ceilandia"],"_links":{"self":[{"href":"https:\/\/www.esportesbrasilia.com.br\/noticias\/wp-json\/wp\/v2\/posts\/27441","targetHints":{"allow":["GET"]}}],"collection":[{"href":"https:\/\/www.esportesbrasilia.com.br\/noticias\/wp-json\/wp\/v2\/posts"}],"about":[{"href":"https:\/\/www.esportesbrasilia.com.br\/noticias\/wp-json\/wp\/v2\/types\/post"}],"author":[{"embeddable":true,"href":"https:\/\/www.esportesbrasilia.com.br\/noticias\/wp-json\/wp\/v2\/users\/55"}],"replies":[{"embeddable":true,"href":"https:\/\/www.esportesbrasilia.com.br\/noticias\/wp-json\/wp\/v2\/comments?post=27441"}],"version-history":[{"count":4,"href":"https:\/\/www.esportesbrasilia.com.br\/noticias\/wp-json\/wp\/v2\/posts\/27441\/revisions"}],"predecessor-version":[{"id":27484,"href":"https:\/\/www.esportesbrasilia.com.br\/noticias\/wp-json\/wp\/v2\/posts\/27441\/revisions\/27484"}],"wp:featuredmedia":[{"embeddable":true,"href":"https:\/\/www.esportesbrasilia.com.br\/noticias\/wp-json\/wp\/v2\/media\/27442"}],"wp:attachment":[{"href":"https:\/\/www.esportesbrasilia.com.br\/noticias\/wp-json\/wp\/v2\/media?parent=27441"}],"wp:term":[{"taxonomy":"category","embeddable":true,"href":"https:\/\/www.esportesbrasilia.com.br\/noticias\/wp-json\/wp\/v2\/categories?post=27441"},{"taxonomy":"post_tag","embeddable":true,"href":"https:\/\/www.esportesbrasilia.com.br\/noticias\/wp-json\/wp\/v2\/tags?post=27441"}],"curies":[{"name":"wp","href":"https:\/\/api.w.org\/{rel}","templated":true}]}}