{"id":27386,"date":"2025-01-24T20:46:10","date_gmt":"2025-01-24T23:46:10","guid":{"rendered":"https:\/\/www.esportesbrasilia.com.br\/noticias\/?p=27386"},"modified":"2025-01-24T21:15:18","modified_gmt":"2025-01-25T00:15:18","slug":"douglas-ex-lateral-do-barcelona-e-absolvido-definitivamente-de-acusacao-de-disparo-de-arma-de-fogo-em-brasilia","status":"publish","type":"post","link":"https:\/\/www.esportesbrasilia.com.br\/noticias\/futebol\/douglas-ex-lateral-do-barcelona-e-absolvido-definitivamente-de-acusacao-de-disparo-de-arma-de-fogo-em-brasilia.html","title":{"rendered":"Douglas, ex-lateral do Barcelona, \u00e9 absolvido definitivamente de acusa\u00e7\u00e3o de disparo de arma de fogo em Bras\u00edlia"},"content":{"rendered":"\n<p><em>Foto: FC Barcelona\/Divulga\u00e7\u00e3o<\/em><\/p>\n\n\n\n<p>O ex-lateral do S\u00e3o Paulo e Barcelona, Douglas Pereira, foi absolvido em um processo judicial que investigava a acusa\u00e7\u00e3o de ter efetuado disparos para o alto durante um passeio no Lago Parano\u00e1, em Bras\u00edlia, no anivers\u00e1rio da capital, em abril de 2023.<\/p>\n\n\n\n<p>Douglas havia sido indiciado pela Pol\u00edcia Civil do Distrito Federal (PCDF) pelos crimes de porte ilegal de arma de fogo e disparo de arma de fogo. Posteriormente, o Minist\u00e9rio P\u00fablico do Distrito Federal e Territ\u00f3rios (MPDFT) apresentou den\u00fancia contra o atleta, que foi rejeitada pela Justi\u00e7a em primeira inst\u00e2ncia.<\/p>\n\n\n\n<p>O MP recorreu na segunda inst\u00e2ncia do Tribunal de Justi\u00e7a do Distrito Federal e dos Territ\u00f3rios (TJDFT), mas o desembargador Arnaldo Corr\u00eaa Silva manteve a decis\u00e3o de n\u00e3o acolher a den\u00fancia. Os promotores n\u00e3o avan\u00e7aram com novos recursos dentro do prazo legal, tanto na presid\u00eancia do TJDFT quanto em inst\u00e2ncias superiores. Com isso, o processo foi arquivado de forma definitiva, e Douglas n\u00e3o ser\u00e1 responsabilizado, uma vez que n\u00e3o foram apresentados elementos suficientes para sustentar a acusa\u00e7\u00e3o.<\/p>\n\n\n\n<p>A equipe da <strong>Esportes Bras\u00edlia<\/strong> n\u00e3o conseguiu contato com a defesa do jogador, que atualmente est\u00e1 sem clube.<\/p>\n\n\n\n<p><strong>O caso<\/strong><\/p>\n\n\n\n<p>O epis\u00f3dio aconteceu no anivers\u00e1rio de Bras\u00edlia, em 2023. Douglas participava de um passeio de lancha no Lago Parano\u00e1, acompanhado por outras pessoas. Segundo relatos, ele teria ingerido bebida alco\u00f3lica e se desentendido com ocupantes da embarca\u00e7\u00e3o.<\/p>\n\n\n\n<p>Quando deixou a lancha, pr\u00f3ximo ao hor\u00e1rio de fechamento da marina, um seguran\u00e7a pediu que ele se retirasse do local. De acordo com a Pol\u00edcia Militar do Distrito Federal (PMDF), o jogador foi at\u00e9 o estacionamento onde estava seu carro, pegou uma pistola .380 e efetuou disparos para o alto.<\/p>\n\n\n\n<p>Em seguida, segundo a den\u00fancia do MP, Douglas teria escondido a arma no matagal, junto a uma bolsa contendo cinco muni\u00e7\u00f5es n\u00e3o registradas e um certificado de registro de uma pistola Glock, registrada em nome de sua m\u00e3e. Os policiais encontraram a bolsa e uma c\u00e1psula de muni\u00e7\u00e3o pr\u00f3xima ao ve\u00edculo do jogador. Apesar de inicialmente negar os disparos, Douglas teria admitido informalmente a autoria, mas recusou-se a informar o paradeiro da arma.<\/p>\n\n\n\n<p>A vers\u00e3o de que o ex-jogador efetuou disparos foi sustentada pela Pol\u00edcia Militar e confirmada pela esposa do atleta no momento da abordagem. No entanto, em segunda inst\u00e2ncia, o desembargador concluiu que n\u00e3o havia provas suficientes para comprovar que Douglas havia realizado os disparos, mesmo com a confiss\u00e3o informal feita aos policiais.<\/p>\n\n\n\n<p>Diante da aus\u00eancia de elementos que corroborassem a den\u00fancia, o processo foi encerrado, e Douglas foi absolvido.<\/p>\n","protected":false},"excerpt":{"rendered":"<p>Os promotores n\u00e3o avan\u00e7aram com novos recursos dentro do prazo legal, tanto na presid\u00eancia do TJDFT quanto em inst\u00e2ncias superiores. Com isso, o processo foi arquivado de forma definitiva<\/p>\n","protected":false},"author":55,"featured_media":27393,"comment_status":"closed","ping_status":"closed","sticky":false,"template":"","format":"standard","meta":{"footnotes":""},"categories":[8],"tags":[],"class_list":["post-27386","post","type-post","status-publish","format-standard","has-post-thumbnail","hentry","category-futebol"],"_links":{"self":[{"href":"https:\/\/www.esportesbrasilia.com.br\/noticias\/wp-json\/wp\/v2\/posts\/27386","targetHints":{"allow":["GET"]}}],"collection":[{"href":"https:\/\/www.esportesbrasilia.com.br\/noticias\/wp-json\/wp\/v2\/posts"}],"about":[{"href":"https:\/\/www.esportesbrasilia.com.br\/noticias\/wp-json\/wp\/v2\/types\/post"}],"author":[{"embeddable":true,"href":"https:\/\/www.esportesbrasilia.com.br\/noticias\/wp-json\/wp\/v2\/users\/55"}],"replies":[{"embeddable":true,"href":"https:\/\/www.esportesbrasilia.com.br\/noticias\/wp-json\/wp\/v2\/comments?post=27386"}],"version-history":[{"count":4,"href":"https:\/\/www.esportesbrasilia.com.br\/noticias\/wp-json\/wp\/v2\/posts\/27386\/revisions"}],"predecessor-version":[{"id":27394,"href":"https:\/\/www.esportesbrasilia.com.br\/noticias\/wp-json\/wp\/v2\/posts\/27386\/revisions\/27394"}],"wp:featuredmedia":[{"embeddable":true,"href":"https:\/\/www.esportesbrasilia.com.br\/noticias\/wp-json\/wp\/v2\/media\/27393"}],"wp:attachment":[{"href":"https:\/\/www.esportesbrasilia.com.br\/noticias\/wp-json\/wp\/v2\/media?parent=27386"}],"wp:term":[{"taxonomy":"category","embeddable":true,"href":"https:\/\/www.esportesbrasilia.com.br\/noticias\/wp-json\/wp\/v2\/categories?post=27386"},{"taxonomy":"post_tag","embeddable":true,"href":"https:\/\/www.esportesbrasilia.com.br\/noticias\/wp-json\/wp\/v2\/tags?post=27386"}],"curies":[{"name":"wp","href":"https:\/\/api.w.org\/{rel}","templated":true}]}}