{"id":27382,"date":"2025-01-24T16:06:54","date_gmt":"2025-01-24T19:06:54","guid":{"rendered":"https:\/\/www.esportesbrasilia.com.br\/noticias\/?p=27382"},"modified":"2025-01-24T16:06:55","modified_gmt":"2025-01-24T19:06:55","slug":"vagas-gratuitas-para-quem-quiser-fazer-futebol-no-estadio-jk","status":"publish","type":"post","link":"https:\/\/www.esportesbrasilia.com.br\/noticias\/futebol\/vagas-gratuitas-para-quem-quiser-fazer-futebol-no-estadio-jk.html","title":{"rendered":"Vagas gratuitas para quem quiser fazer futebol no Est\u00e1dio JK"},"content":{"rendered":"\n<p><em>S\u00e3o quase 500 vagas e matriculas ocorrem neste s\u00e1bado (25) para meninos nascidos de 2012 a 2019<\/em><\/p>\n\n\n\n<p>O Centro de Forma\u00e7\u00e3o de Atletas (CFA) do Capital SAF est\u00e1 com 480 vagas abertas para meninos nascidos de 2012 a 2019 que querem fazer futebol. As inscri\u00e7\u00f5es gratuitas ocorrem neste s\u00e1bado (25), no Est\u00e1dio JK, no Parano\u00e1.<\/p>\n\n\n\n<p>Com os pais ou respons\u00e1veis, a crian\u00e7a deve ir ao gin\u00e1sio do complexo esportivo com um documento oficial tanto do candidato \u00e0 vaga quanto do adulto que o acompanha. As matr\u00edculas ocorrem de 8 \u00e0s 12 horas, ou enquanto houver vagas.<\/p>\n\n\n\n<p>As aulas come\u00e7am em 3 de fevereiro de acordo com o turno escolhido e categoria do aluno. Vale ressaltar que, atletas que j\u00e1 treinavam no local no ano passado tamb\u00e9m precisam refazer a inscri\u00e7\u00e3o.<\/p>\n\n\n\n<p><strong>Complexo JK<\/strong><\/p>\n\n\n\n<p>Mais de 4 mil fam\u00edlias j\u00e1 foram beneficiadas pelos programas sociais promovidos pelo Capital SAF no complexo esportivo. A agremia\u00e7\u00e3o passou a gerir o local em 2021, por meio do Programa Adote Uma Pra\u00e7a, do Governo do Distrito Federal.<\/p>\n\n\n\n<p>Depois de 11 anos fechado o Est\u00e1dio JK voltou a receber diversas atividades, que v\u00e3o desde os jogos da equipe profissional do Capital, atual l\u00edder do Campeonato Candango 2025; at\u00e9 os treinos do projeto CFA.<\/p>\n\n\n\n<p>Por meio da parceria, o est\u00e1dio virou um complexo, ganhando campos auxiliares, quadra de gramado sint\u00e9tico e a revitaliza\u00e7\u00e3o completa do gin\u00e1sio poliesportivo; sem falar da reforma da arena esportiva, que ganhou gramado novo, pintura, obras estruturais e, mais recentemente, ilumina\u00e7\u00e3o, podendo finalmente receber jogos noturnos. O primeiro, inclusive, ocorre na quarta-feira (29), quando o Tricolor do DF enfrenta o Real Bras\u00edlia, pela terceira rodada do Candang\u00e3o.<\/p>\n\n\n\n<p>\u201cEstamos muito ansiosos para ligar esses refletores oficialmente. Fizemos uma sequ\u00eancia de testes muito positivos e agora \u00e9 esperar por esse dia hist\u00f3rico para o esporte da regi\u00e3o leste do Distrito Federal\u201d, destacou o presidente da Sociedade An\u00f4nima do Futebol (SAF) do Capital, Godofredo Gon\u00e7alves, ao lembrar que, neste ano, o time tamb\u00e9m representa o DF nas Copas Verde e do Brasil, al\u00e9m da S\u00e9rie D do Brasileir\u00e3o.<\/p>\n","protected":false},"excerpt":{"rendered":"<p>S\u00e3o quase 500 vagas e matriculas ocorrem neste s\u00e1bado (25) para meninos nascidos de 2012 a 2019 O Centro de Forma\u00e7\u00e3o de Atletas (CFA) do Capital SAF est\u00e1 com 480 vagas abertas para meninos nascidos de 2012 a 2019 que querem fazer futebol. As inscri\u00e7\u00f5es gratuitas ocorrem neste s\u00e1bado (25), no Est\u00e1dio JK, no Parano\u00e1. [&hellip;]<\/p>\n","protected":false},"author":52,"featured_media":27383,"comment_status":"closed","ping_status":"closed","sticky":false,"template":"","format":"standard","meta":{"footnotes":""},"categories":[8],"tags":[],"class_list":["post-27382","post","type-post","status-publish","format-standard","has-post-thumbnail","hentry","category-futebol"],"_links":{"self":[{"href":"https:\/\/www.esportesbrasilia.com.br\/noticias\/wp-json\/wp\/v2\/posts\/27382","targetHints":{"allow":["GET"]}}],"collection":[{"href":"https:\/\/www.esportesbrasilia.com.br\/noticias\/wp-json\/wp\/v2\/posts"}],"about":[{"href":"https:\/\/www.esportesbrasilia.com.br\/noticias\/wp-json\/wp\/v2\/types\/post"}],"author":[{"embeddable":true,"href":"https:\/\/www.esportesbrasilia.com.br\/noticias\/wp-json\/wp\/v2\/users\/52"}],"replies":[{"embeddable":true,"href":"https:\/\/www.esportesbrasilia.com.br\/noticias\/wp-json\/wp\/v2\/comments?post=27382"}],"version-history":[{"count":1,"href":"https:\/\/www.esportesbrasilia.com.br\/noticias\/wp-json\/wp\/v2\/posts\/27382\/revisions"}],"predecessor-version":[{"id":27384,"href":"https:\/\/www.esportesbrasilia.com.br\/noticias\/wp-json\/wp\/v2\/posts\/27382\/revisions\/27384"}],"wp:featuredmedia":[{"embeddable":true,"href":"https:\/\/www.esportesbrasilia.com.br\/noticias\/wp-json\/wp\/v2\/media\/27383"}],"wp:attachment":[{"href":"https:\/\/www.esportesbrasilia.com.br\/noticias\/wp-json\/wp\/v2\/media?parent=27382"}],"wp:term":[{"taxonomy":"category","embeddable":true,"href":"https:\/\/www.esportesbrasilia.com.br\/noticias\/wp-json\/wp\/v2\/categories?post=27382"},{"taxonomy":"post_tag","embeddable":true,"href":"https:\/\/www.esportesbrasilia.com.br\/noticias\/wp-json\/wp\/v2\/tags?post=27382"}],"curies":[{"name":"wp","href":"https:\/\/api.w.org\/{rel}","templated":true}]}}