{"id":27359,"date":"2025-01-24T01:43:01","date_gmt":"2025-01-24T04:43:01","guid":{"rendered":"https:\/\/www.esportesbrasilia.com.br\/noticias\/?p=27359"},"modified":"2025-01-24T01:48:51","modified_gmt":"2025-01-24T04:48:51","slug":"ibaneis-elogia-escolha-de-brasilia-para-brasil-x-colombia-e-propoe-capital-como-sede-fixa-da-selecao","status":"publish","type":"post","link":"https:\/\/www.esportesbrasilia.com.br\/noticias\/futebol\/ibaneis-elogia-escolha-de-brasilia-para-brasil-x-colombia-e-propoe-capital-como-sede-fixa-da-selecao.html","title":{"rendered":"Ibaneis elogia escolha de Bras\u00edlia para Brasil x Col\u00f4mbia e prop\u00f5e capital como sede fixa da Sele\u00e7\u00e3o"},"content":{"rendered":"\n<p><em>Foto: Rafael Ribeiro\/CBF<\/em><\/p>\n\n\n\n<p>O governador do Distrito Federal, Ibaneis Rocha (MDB), elogiou a decis\u00e3o da Confedera\u00e7\u00e3o Brasileira de Futebol (CBF) de escolher Bras\u00edlia como sede da partida entre Brasil e Col\u00f4mbia, v\u00e1lida pelas Eliminat\u00f3rias da Copa do Mundo.<\/p>\n\n\n\n<p>\u00c0 <strong>Esportes Bras\u00edlia<\/strong>, o chefe do Executivo local destacou que, caso seja do interesse da CBF, a capital federal pode se tornar uma sede fixa para jogos da Sele\u00e7\u00e3o, uma vez que h\u00e1 estrutura para receber grandes eventos esportivos.<\/p>\n\n\n\n<p>\u201cA nossa capital tem demonstrado ser um palco perfeito para grandes eventos. Temos uma malha a\u00e9rea integrada, aeroporto reconhecido como um dos melhores do mundo, rede hoteleira de qualidade e pr\u00f3xima ao local dos eventos\u201d, afirmou o governador.<\/p>\n\n\n\n<p>\u201cAl\u00e9m disso, temos seguran\u00e7a p\u00fablica eficiente. Estamos prontos para grandes eventos e vamos investir cada vez mais na divulga\u00e7\u00e3o da capital do Brasil\u201d, acrescentou Ibaneis.<\/p>\n\n\n\n<p>A sele\u00e7\u00e3o jogar\u00e1 no Man\u00e9 Garrincha em 20 de mar\u00e7o. A escolha por Bras\u00edlia foi definida pela CBF na quarta-feira (22\/1).<\/p>\n\n\n\n<p><strong>Condi\u00e7\u00f5es<\/strong><\/p>\n\n\n\n<p>Segundo a CBF, a capital federal foi selecionada devido ao compromisso dos administradores do est\u00e1dio de liberar a arena com 15 dias de anteced\u00eancia, garantindo as condi\u00e7\u00f5es ideais do gramado para o jogo, conforme solicitado pela Conmebol.<\/p>\n\n\n\n<p>A partida pode marcar o retorno do atacante Neymar Jr., que est\u00e1 em fase final de recupera\u00e7\u00e3o de uma les\u00e3o e n\u00e3o joga desde novembro do ano passado. H\u00e1 especula\u00e7\u00f5es de que o craque pode voltar ao Santos, conforme divulgado pelo jornalista Fabrizio Romano.<\/p>\n","protected":false},"excerpt":{"rendered":"<p>Segundo a CBF, a capital federal foi selecionada devido ao compromisso dos administradores do est\u00e1dio de liberar a arena com 15 dias de anteced\u00eancia<\/p>\n","protected":false},"author":55,"featured_media":27360,"comment_status":"closed","ping_status":"closed","sticky":false,"template":"","format":"standard","meta":{"footnotes":""},"categories":[8],"tags":[394,477],"class_list":["post-27359","post","type-post","status-publish","format-standard","has-post-thumbnail","hentry","category-futebol","tag-brasil","tag-selecao-brasileira"],"_links":{"self":[{"href":"https:\/\/www.esportesbrasilia.com.br\/noticias\/wp-json\/wp\/v2\/posts\/27359","targetHints":{"allow":["GET"]}}],"collection":[{"href":"https:\/\/www.esportesbrasilia.com.br\/noticias\/wp-json\/wp\/v2\/posts"}],"about":[{"href":"https:\/\/www.esportesbrasilia.com.br\/noticias\/wp-json\/wp\/v2\/types\/post"}],"author":[{"embeddable":true,"href":"https:\/\/www.esportesbrasilia.com.br\/noticias\/wp-json\/wp\/v2\/users\/55"}],"replies":[{"embeddable":true,"href":"https:\/\/www.esportesbrasilia.com.br\/noticias\/wp-json\/wp\/v2\/comments?post=27359"}],"version-history":[{"count":2,"href":"https:\/\/www.esportesbrasilia.com.br\/noticias\/wp-json\/wp\/v2\/posts\/27359\/revisions"}],"predecessor-version":[{"id":27363,"href":"https:\/\/www.esportesbrasilia.com.br\/noticias\/wp-json\/wp\/v2\/posts\/27359\/revisions\/27363"}],"wp:featuredmedia":[{"embeddable":true,"href":"https:\/\/www.esportesbrasilia.com.br\/noticias\/wp-json\/wp\/v2\/media\/27360"}],"wp:attachment":[{"href":"https:\/\/www.esportesbrasilia.com.br\/noticias\/wp-json\/wp\/v2\/media?parent=27359"}],"wp:term":[{"taxonomy":"category","embeddable":true,"href":"https:\/\/www.esportesbrasilia.com.br\/noticias\/wp-json\/wp\/v2\/categories?post=27359"},{"taxonomy":"post_tag","embeddable":true,"href":"https:\/\/www.esportesbrasilia.com.br\/noticias\/wp-json\/wp\/v2\/tags?post=27359"}],"curies":[{"name":"wp","href":"https:\/\/api.w.org\/{rel}","templated":true}]}}