{"id":27351,"date":"2025-01-23T13:58:01","date_gmt":"2025-01-23T16:58:01","guid":{"rendered":"https:\/\/www.esportesbrasilia.com.br\/noticias\/?p=27351"},"modified":"2025-01-23T14:03:32","modified_gmt":"2025-01-23T17:03:32","slug":"gols-e-penaltis-veja-como-o-capital-eliminou-o-ceilandia-na-copa-verde","status":"publish","type":"post","link":"https:\/\/www.esportesbrasilia.com.br\/noticias\/futebol\/gols-e-penaltis-veja-como-o-capital-eliminou-o-ceilandia-na-copa-verde.html","title":{"rendered":"Gols e p\u00eanaltis: veja como o Capital eliminou o Ceil\u00e2ndia na Copa Verde"},"content":{"rendered":"\n<p><em>Cr\u00e9ditos: Eduardo Beraldo \u2013 Especial para a Esportes Bras\u00edlia<\/em><\/p>\n\n\n\n<p>O Capital <a href=\"https:\/\/www.esportesbrasilia.com.br\/noticias\/futebol\/capital-bate-ceilandia-nos-penaltis-e-avanca-na-copa-verde.html\" data-type=\"link\" data-id=\"https:\/\/www.esportesbrasilia.com.br\/noticias\/futebol\/capital-bate-ceilandia-nos-penaltis-e-avanca-na-copa-verde.html\">garantiu vaga na segunda fase da Copa Verde ao vencer o Ceil\u00e2ndia na disputa de p\u00eanaltis<\/a>, na tarde de quarta-feira (22\/1), no Est\u00e1dio Abadi\u00e3o.<\/p>\n\n\n\n<p>Ap\u00f3s um primeiro tempo morno, o jogo ganhou emo\u00e7\u00e3o na etapa final. Felipe Clemente colocou o Ceil\u00e2ndia na frente, mas Deizinho empatou para o Capital pouco depois.<\/p>\n\n\n\n<p>Com o empate no tempo regulamentar, a decis\u00e3o foi para os p\u00eanaltis. O destaque ficou com o goleiro Vagner, do Capital, que brilhou ao defender duas cobran\u00e7as. O Ceil\u00e2ndia ainda desperdi\u00e7ou uma terceira tentativa.<\/p>\n\n\n\n<p>Por sua vez, o Capital manteve a efici\u00eancia e converteu todas as suas penalidades, selando a classifica\u00e7\u00e3o.<\/p>\n\n\n\n<p>Confira como foram os gols e a disputa de p\u00eanaltis que garantiram a vaga do Capital!<\/p>\n\n\n\n<figure class=\"wp-block-embed is-type-video is-provider-youtube wp-block-embed-youtube wp-embed-aspect-16-9 wp-has-aspect-ratio\"><div class=\"wp-block-embed__wrapper\">\n<iframe loading=\"lazy\" title=\"Gols e p\u00eanaltis - Ceil\u00e2ndia 1x1 Capital - Copa Verde 2025\" width=\"740\" height=\"416\" src=\"https:\/\/www.youtube.com\/embed\/zIHrC_wNgY4?feature=oembed\" frameborder=\"0\" allow=\"accelerometer; autoplay; clipboard-write; encrypted-media; gyroscope; picture-in-picture; web-share\" referrerpolicy=\"strict-origin-when-cross-origin\" allowfullscreen><\/iframe>\n<\/div><\/figure>\n","protected":false},"excerpt":{"rendered":"<p>Capital empatou no tempo normal e brilhou nos p\u00eanaltis para avan\u00e7ar na Copa Verde<\/p>\n","protected":false},"author":55,"featured_media":27353,"comment_status":"closed","ping_status":"closed","sticky":false,"template":"","format":"standard","meta":{"footnotes":""},"categories":[8],"tags":[],"class_list":["post-27351","post","type-post","status-publish","format-standard","has-post-thumbnail","hentry","category-futebol"],"_links":{"self":[{"href":"https:\/\/www.esportesbrasilia.com.br\/noticias\/wp-json\/wp\/v2\/posts\/27351","targetHints":{"allow":["GET"]}}],"collection":[{"href":"https:\/\/www.esportesbrasilia.com.br\/noticias\/wp-json\/wp\/v2\/posts"}],"about":[{"href":"https:\/\/www.esportesbrasilia.com.br\/noticias\/wp-json\/wp\/v2\/types\/post"}],"author":[{"embeddable":true,"href":"https:\/\/www.esportesbrasilia.com.br\/noticias\/wp-json\/wp\/v2\/users\/55"}],"replies":[{"embeddable":true,"href":"https:\/\/www.esportesbrasilia.com.br\/noticias\/wp-json\/wp\/v2\/comments?post=27351"}],"version-history":[{"count":5,"href":"https:\/\/www.esportesbrasilia.com.br\/noticias\/wp-json\/wp\/v2\/posts\/27351\/revisions"}],"predecessor-version":[{"id":27358,"href":"https:\/\/www.esportesbrasilia.com.br\/noticias\/wp-json\/wp\/v2\/posts\/27351\/revisions\/27358"}],"wp:featuredmedia":[{"embeddable":true,"href":"https:\/\/www.esportesbrasilia.com.br\/noticias\/wp-json\/wp\/v2\/media\/27353"}],"wp:attachment":[{"href":"https:\/\/www.esportesbrasilia.com.br\/noticias\/wp-json\/wp\/v2\/media?parent=27351"}],"wp:term":[{"taxonomy":"category","embeddable":true,"href":"https:\/\/www.esportesbrasilia.com.br\/noticias\/wp-json\/wp\/v2\/categories?post=27351"},{"taxonomy":"post_tag","embeddable":true,"href":"https:\/\/www.esportesbrasilia.com.br\/noticias\/wp-json\/wp\/v2\/tags?post=27351"}],"curies":[{"name":"wp","href":"https:\/\/api.w.org\/{rel}","templated":true}]}}