{"id":27341,"date":"2025-01-22T21:13:08","date_gmt":"2025-01-23T00:13:08","guid":{"rendered":"https:\/\/www.esportesbrasilia.com.br\/noticias\/?p=27341"},"modified":"2025-01-22T21:23:31","modified_gmt":"2025-01-23T00:23:31","slug":"brasilia-sempre-faz-bonito-ao-receber-a-selecao-diz-secretario-sobre-jogo-entre-brasil-e-colombia","status":"publish","type":"post","link":"https:\/\/www.esportesbrasilia.com.br\/noticias\/futebol\/brasilia-sempre-faz-bonito-ao-receber-a-selecao-diz-secretario-sobre-jogo-entre-brasil-e-colombia.html","title":{"rendered":"\u201cBras\u00edlia sempre faz bonito ao receber a Sele\u00e7\u00e3o\u201d, diz secret\u00e1rio sobre jogo entre Brasil e Col\u00f4mbia"},"content":{"rendered":"\n<p><em>Foto: Rafael Ribeiro\/CBF<\/em><\/p>\n\n\n\n<p>A Confedera\u00e7\u00e3o Brasileira de Futebol (CBF) <a href=\"https:\/\/www.esportesbrasilia.com.br\/noticias\/futebol\/mane-garrincha-sera-palco-de-brasil-x-colombia-pelas-eliminatorias-em-marco.html\">confirmou o Est\u00e1dio Nacional Man\u00e9 Garrincha, em Bras\u00edlia, como palco do confronto entre Brasil e Col\u00f4mbia<\/a>, v\u00e1lido pelas Eliminat\u00f3rias da Copa do Mundo.<\/p>\n\n\n\n<p>\u00c0 <strong>Esportes Bras\u00edlia<\/strong>, o secret\u00e1rio de Esportes do DF, Renato Junqueira, celebrou a escolha da capital federal. A partida est\u00e1 marcada para o dia 20 de mar\u00e7o, \u00e0s 21h45. \u201cMais um grande jogo para a nossa capital federal, que se consolida cada vez mais como parte do eixo dos grandes eventos esportivos, culturais e futebol\u00edsticos\u201d, disse.<\/p>\n\n\n\n<p>\u201cA Arena Man\u00e9 Garrincha tem sido palco de grandes acontecimentos esportivos como um todo. Celebrar mais uma vez a vinda da Sele\u00e7\u00e3o Brasileira \u00e9 uma forma de mostrar que Bras\u00edlia sempre faz bonito ao receber a Sele\u00e7\u00e3o, oferecendo toda a assist\u00eancia necess\u00e1ria e contando com uma torcida apaixonada, que lota o est\u00e1dio e apoia o time do in\u00edcio ao fim. \u00c9 disso que a nossa sele\u00e7\u00e3o precisa, j\u00e1 pensando na Copa do Mundo de 2026\u201d, vibrou o titular da pasta.<\/p>\n\n\n\n<p><strong>Condi\u00e7\u00f5es<\/strong><\/p>\n\n\n\n<p>Segundo a CBF, a capital federal foi selecionada devido ao compromisso dos administradores do est\u00e1dio de liberar a arena com 15 dias de anteced\u00eancia, garantindo as condi\u00e7\u00f5es ideais do gramado para o jogo, conforme solicitado pela Conmebol.<\/p>\n\n\n\n<p>A partida pode marcar o retorno do atacante Neymar Jr., que est\u00e1 em fase final de recupera\u00e7\u00e3o de uma les\u00e3o e n\u00e3o joga desde novembro do ano passado. H\u00e1 especula\u00e7\u00f5es de que o craque pode voltar ao Santos, conforme divulgado pelo jornalista Fabrizio Romano.<\/p>\n","protected":false},"excerpt":{"rendered":"<p>A partida entre Brasil e Col\u00f4mbia est\u00e1 marcada para o dia 20 de mar\u00e7o, \u00e0s 21h45<\/p>\n","protected":false},"author":55,"featured_media":27342,"comment_status":"closed","ping_status":"closed","sticky":false,"template":"","format":"standard","meta":{"footnotes":""},"categories":[8],"tags":[],"class_list":["post-27341","post","type-post","status-publish","format-standard","has-post-thumbnail","hentry","category-futebol"],"_links":{"self":[{"href":"https:\/\/www.esportesbrasilia.com.br\/noticias\/wp-json\/wp\/v2\/posts\/27341","targetHints":{"allow":["GET"]}}],"collection":[{"href":"https:\/\/www.esportesbrasilia.com.br\/noticias\/wp-json\/wp\/v2\/posts"}],"about":[{"href":"https:\/\/www.esportesbrasilia.com.br\/noticias\/wp-json\/wp\/v2\/types\/post"}],"author":[{"embeddable":true,"href":"https:\/\/www.esportesbrasilia.com.br\/noticias\/wp-json\/wp\/v2\/users\/55"}],"replies":[{"embeddable":true,"href":"https:\/\/www.esportesbrasilia.com.br\/noticias\/wp-json\/wp\/v2\/comments?post=27341"}],"version-history":[{"count":4,"href":"https:\/\/www.esportesbrasilia.com.br\/noticias\/wp-json\/wp\/v2\/posts\/27341\/revisions"}],"predecessor-version":[{"id":27347,"href":"https:\/\/www.esportesbrasilia.com.br\/noticias\/wp-json\/wp\/v2\/posts\/27341\/revisions\/27347"}],"wp:featuredmedia":[{"embeddable":true,"href":"https:\/\/www.esportesbrasilia.com.br\/noticias\/wp-json\/wp\/v2\/media\/27342"}],"wp:attachment":[{"href":"https:\/\/www.esportesbrasilia.com.br\/noticias\/wp-json\/wp\/v2\/media?parent=27341"}],"wp:term":[{"taxonomy":"category","embeddable":true,"href":"https:\/\/www.esportesbrasilia.com.br\/noticias\/wp-json\/wp\/v2\/categories?post=27341"},{"taxonomy":"post_tag","embeddable":true,"href":"https:\/\/www.esportesbrasilia.com.br\/noticias\/wp-json\/wp\/v2\/tags?post=27341"}],"curies":[{"name":"wp","href":"https:\/\/api.w.org\/{rel}","templated":true}]}}