{"id":27160,"date":"2025-01-16T17:34:01","date_gmt":"2025-01-16T20:34:01","guid":{"rendered":"https:\/\/www.esportesbrasilia.com.br\/noticias\/?p=27160"},"modified":"2025-01-20T17:54:57","modified_gmt":"2025-01-20T20:54:57","slug":"capital-negocia-mais-uma-joia-com-gigante-do-futebol-nacional","status":"publish","type":"post","link":"https:\/\/www.esportesbrasilia.com.br\/noticias\/futebol\/capital-negocia-mais-uma-joia-com-gigante-do-futebol-nacional.html","title":{"rendered":"Capital negocia mais uma joia com gigante do futebol nacional"},"content":{"rendered":"\n<p>\u00danico atleta do Capital a trabalhar em quatro categorias do time ao longo do ano passado, o jovem Pedro Filipe, de apenas 15 anos, \u00e9 a mais nova cria do Coruja a ser negociado. Destaque nos t\u00edtulos do Capital no Candang\u00e3o sub-15, no Candang\u00e3o sub-17 e na campanha da Copa Bras\u00edlia sub-20, o volante segue para o Athletico-PR. Treinando com a equipe profissional desde novembro, o garoto tinha sondagens de clubes tradicionais, principalmente, do eixo Rio-S\u00e3o Paulo-Minas Gerais.<\/p>\n\n\n\n<p>\u201cO Athletico, que disputou a Super Copa Capital de futebol sub-17 no ano passado, viu de perto o Pedro em campo e logo nos acionou interessado no rapaz\u201d, destacou o presidente da Sociedade An\u00f4nima do Futebol (SAF) do Capital, Godofredo Gon\u00e7alves. \u201cComo outros clubes tamb\u00e9m estavam atr\u00e1s dele, fizemos quest\u00e3o de preserv\u00e1-lo das quest\u00f5es extracampo, at\u00e9 pelo fato de ser um jovem. Ele entendeu e focou somente em treinar e buscar manter-se em alto n\u00edvel\u201d, complementou o gestor.<\/p>\n\n\n\n<p>H\u00e1 uma cl\u00e1usula de confidencialidade nos valores e percentuais de ganho do Capital. De toda forma, a SAF garante que trata-se de uma das maiores negocia\u00e7\u00f5es do futebol do Distrito Federal nos \u00faltimos anos. O que se sabe \u00e9 acerca da exist\u00eancia de termos de bonifica\u00e7\u00e3o para o Tricolor Candango a depender do desempenho e da produtividade de Pedro Filipe.<\/p>\n\n\n\n<p>\u201cDesde o ano passado, a diretoria vinha conversando comigo acerca de uma poss\u00edvel negocia\u00e7\u00e3o. De alguma forma, eu estava preparado, mas, agora, com essa transfer\u00eancia concretizada, eu vejo o quanto meu trabalho foi e est\u00e1 sendo reconhecido pelo Capital. S\u00f3 tenho a agradecer a todos aqui\u201d, comentou o jogador, que treinou nesta semana no centro de treinamento do Coruja, mas se apresenta nos pr\u00f3ximos dias ao Furac\u00e3o, em Curitiba (PR).<\/p>\n\n\n\n<p><strong>Crias do Coruja<\/strong><\/p>\n\n\n\n<p>Na semana passada, o Capital anunciou a <a href=\"https:\/\/www.esportesbrasilia.com.br\/noticias\/futebol\/capital-saf-negocia-joia-com-o-red-bull.html\" target=\"_blank\" rel=\"noreferrer noopener\">venda do lateral-direito Dudu para o Red Bull Bragantino<\/a>. O ala de 18 anos foi um dos respons\u00e1veis pelo t\u00edtulo do Candang\u00e3o sub-17 do ano passado, ao marcar um dos gols na vit\u00f3ria por 2 x 1 sobre o Cana\u00e3.<\/p>\n\n\n\n<p>Antes deles, a SAF do Capital j\u00e1 negociou alguns dos crias da Coruja, com destaque para Rian Pablo, atacante que est\u00e1 na Portuguesa (SP) e o lateral-esquerdo gan\u00eas Michael Quarcoo, do Fortaleza. Em julho de 2023, durante o Candang\u00e3o Sub-20, a equipe negociou o zagueiro Pedro Henrique, o Pedr\u00e3o, ent\u00e3o com 19 anos, com o NK Medjimurje, da Cro\u00e1cia.<\/p>\n","protected":false},"excerpt":{"rendered":"<p>Com apenas 15 anos, volante Pedro Filipe deixa o DF rumo ao Athletico-PR<\/p>\n","protected":false},"author":52,"featured_media":27161,"comment_status":"closed","ping_status":"closed","sticky":false,"template":"","format":"standard","meta":{"footnotes":""},"categories":[8],"tags":[],"class_list":["post-27160","post","type-post","status-publish","format-standard","has-post-thumbnail","hentry","category-futebol"],"_links":{"self":[{"href":"https:\/\/www.esportesbrasilia.com.br\/noticias\/wp-json\/wp\/v2\/posts\/27160","targetHints":{"allow":["GET"]}}],"collection":[{"href":"https:\/\/www.esportesbrasilia.com.br\/noticias\/wp-json\/wp\/v2\/posts"}],"about":[{"href":"https:\/\/www.esportesbrasilia.com.br\/noticias\/wp-json\/wp\/v2\/types\/post"}],"author":[{"embeddable":true,"href":"https:\/\/www.esportesbrasilia.com.br\/noticias\/wp-json\/wp\/v2\/users\/52"}],"replies":[{"embeddable":true,"href":"https:\/\/www.esportesbrasilia.com.br\/noticias\/wp-json\/wp\/v2\/comments?post=27160"}],"version-history":[{"count":2,"href":"https:\/\/www.esportesbrasilia.com.br\/noticias\/wp-json\/wp\/v2\/posts\/27160\/revisions"}],"predecessor-version":[{"id":27242,"href":"https:\/\/www.esportesbrasilia.com.br\/noticias\/wp-json\/wp\/v2\/posts\/27160\/revisions\/27242"}],"wp:featuredmedia":[{"embeddable":true,"href":"https:\/\/www.esportesbrasilia.com.br\/noticias\/wp-json\/wp\/v2\/media\/27161"}],"wp:attachment":[{"href":"https:\/\/www.esportesbrasilia.com.br\/noticias\/wp-json\/wp\/v2\/media?parent=27160"}],"wp:term":[{"taxonomy":"category","embeddable":true,"href":"https:\/\/www.esportesbrasilia.com.br\/noticias\/wp-json\/wp\/v2\/categories?post=27160"},{"taxonomy":"post_tag","embeddable":true,"href":"https:\/\/www.esportesbrasilia.com.br\/noticias\/wp-json\/wp\/v2\/tags?post=27160"}],"curies":[{"name":"wp","href":"https:\/\/api.w.org\/{rel}","templated":true}]}}