{"id":27083,"date":"2025-01-06T13:26:54","date_gmt":"2025-01-06T16:26:54","guid":{"rendered":"https:\/\/www.esportesbrasilia.com.br\/noticias\/?p=27083"},"modified":"2025-01-07T09:43:14","modified_gmt":"2025-01-07T12:43:14","slug":"capital-saf-negocia-joia-com-o-red-bull","status":"publish","type":"post","link":"https:\/\/www.esportesbrasilia.com.br\/noticias\/futebol\/capital-saf-negocia-joia-com-o-red-bull.html","title":{"rendered":"Capital SAF negocia joia com o Red Bull Bragantino"},"content":{"rendered":"\n<p>A Sociedade An\u00f4nima do Futebol do Capital segue revelando talentos para o futebol nacional. Dessa vez foi o lateral-direito Dudu, de 18 anos. O jovem jogador foi negociado junto ao Red Bull Bragantino (SP). O garoto marcou um dos gols do Tricolor no t\u00edtulo do Candang\u00e3o sub-17 do ano passado, na vit\u00f3ria por 2 x 1 sobre o Cana\u00e3. Al\u00e9m disso, participou da Copa do Brasil e foi um dos destaques da equipe na disputa da Super Copa Capital, no \u00faltimo m\u00eas de dezembro.<\/p>\n\n\n\n<p>\u201cAcredito que foi justamente meu desempenho na Super Copa Capital que despertou o interesse do Red Bull\u201d, destaca o talentoso ala. Conforme explica o presidente da SAF, Godofredo Gon\u00e7alves, foi exatamente a competi\u00e7\u00e3o que projetou o menino. \u201cOs dirigentes assistiram aos nossos jogos e nos procuraram para saber mais sobre o Dudu. A partir disso, a transa\u00e7\u00e3o transcorreu normalmente\u201d, frisa o gestor.<\/p>\n\n\n\n<p>Ainda de acordo com Godofredo, o Capital segue com 40% dos direitos do atleta; al\u00e9m de bonifica\u00e7\u00f5es por desempenho e futuras negocia\u00e7\u00f5es que aumentam a compensa\u00e7\u00e3o financeira para o time do Distrito Federal.<\/p>\n\n\n\n<p>Natural do DF, Dudu mora com a m\u00e3e e o irm\u00e3o em S\u00e3o Sebasti\u00e3o. Ele chegou ao Capital em meados do ano passado e logo conquistou vaga na equipe titular sub-17. \u201cSou muito grato ao Capital pela oportunidade de me projetar. Espero crescer muito no mundo do futebol, assim como esse time que vai estar sempre no meu cora\u00e7\u00e3o\u201d, conta o jovem.<\/p>\n\n\n\n<p><strong>Time formador<br><\/strong>Dudu n\u00e3o \u00e9 o primeiro a ser revelado pela SAF do Capital. Antes dele, outros Cria da Coruja, como s\u00e3o chamados os atletas revelados pelo clube, foram negociados. Destaque para Rian Pablo, atacante que est\u00e1 na Portuguesa (SP) e o lateral-esquerdo gan\u00eas Michael Quarcoo, do Fortaleza.<\/p>\n\n\n\n<p>Em julho de 2023, durante o Candang\u00e3o Sub-20, a equipe negociou o zagueiro Pedro Henrique, o Pedr\u00e3o, ent\u00e3o com 19 anos, com o NK Medjimurje, da Cro\u00e1cia.<\/p>\n","protected":false},"excerpt":{"rendered":"<p>Jovem j\u00e1 est\u00e1 em Bragan\u00e7a Paulista (SP), onde treina com o novo time<\/p>\n","protected":false},"author":52,"featured_media":27084,"comment_status":"closed","ping_status":"closed","sticky":false,"template":"","format":"standard","meta":{"footnotes":""},"categories":[8],"tags":[],"class_list":["post-27083","post","type-post","status-publish","format-standard","has-post-thumbnail","hentry","category-futebol"],"_links":{"self":[{"href":"https:\/\/www.esportesbrasilia.com.br\/noticias\/wp-json\/wp\/v2\/posts\/27083","targetHints":{"allow":["GET"]}}],"collection":[{"href":"https:\/\/www.esportesbrasilia.com.br\/noticias\/wp-json\/wp\/v2\/posts"}],"about":[{"href":"https:\/\/www.esportesbrasilia.com.br\/noticias\/wp-json\/wp\/v2\/types\/post"}],"author":[{"embeddable":true,"href":"https:\/\/www.esportesbrasilia.com.br\/noticias\/wp-json\/wp\/v2\/users\/52"}],"replies":[{"embeddable":true,"href":"https:\/\/www.esportesbrasilia.com.br\/noticias\/wp-json\/wp\/v2\/comments?post=27083"}],"version-history":[{"count":2,"href":"https:\/\/www.esportesbrasilia.com.br\/noticias\/wp-json\/wp\/v2\/posts\/27083\/revisions"}],"predecessor-version":[{"id":27088,"href":"https:\/\/www.esportesbrasilia.com.br\/noticias\/wp-json\/wp\/v2\/posts\/27083\/revisions\/27088"}],"wp:featuredmedia":[{"embeddable":true,"href":"https:\/\/www.esportesbrasilia.com.br\/noticias\/wp-json\/wp\/v2\/media\/27084"}],"wp:attachment":[{"href":"https:\/\/www.esportesbrasilia.com.br\/noticias\/wp-json\/wp\/v2\/media?parent=27083"}],"wp:term":[{"taxonomy":"category","embeddable":true,"href":"https:\/\/www.esportesbrasilia.com.br\/noticias\/wp-json\/wp\/v2\/categories?post=27083"},{"taxonomy":"post_tag","embeddable":true,"href":"https:\/\/www.esportesbrasilia.com.br\/noticias\/wp-json\/wp\/v2\/tags?post=27083"}],"curies":[{"name":"wp","href":"https:\/\/api.w.org\/{rel}","templated":true}]}}