{"id":27058,"date":"2025-01-04T20:35:05","date_gmt":"2025-01-04T23:35:05","guid":{"rendered":"https:\/\/www.esportesbrasilia.com.br\/noticias\/?p=27058"},"modified":"2025-01-04T20:38:30","modified_gmt":"2025-01-04T23:38:30","slug":"brasiliense-fecha-a-contratacao-de-volante-ex-caxias","status":"publish","type":"post","link":"https:\/\/www.esportesbrasilia.com.br\/noticias\/futebol\/brasiliense-fecha-a-contratacao-de-volante-ex-caxias.html","title":{"rendered":"Brasiliense fecha a contrata\u00e7\u00e3o de volante ex-Caxias"},"content":{"rendered":"\n<p><em>Foto: Luiz Ernesto\/SER Caxias<\/em><\/p>\n\n\n\n<p>O Brasiliense oficializou a contrata\u00e7\u00e3o do volante Elyeser, de 34 anos, que j\u00e1 atuou pelo Goi\u00e1s e estava no Caxias, do Rio Grande do Sul, desde maio de 2023.<\/p>\n\n\n\n<p>Elyeser chega ao Jacar\u00e9 sem custos, refor\u00e7ando o elenco para as disputas do Campeonato Candango e da Copa Verde em 2025. Apesar desses compromissos, o clube n\u00e3o estar\u00e1 presente na Copa do Brasil nem na S\u00e9rie D na atual temporada.<\/p>\n\n\n\n<p>Na S\u00e9rie C do ano passado, o novo refor\u00e7o disputou 12 partidas, sendo titular em 8 delas. Apesar de n\u00e3o ter marcado gols ou dado assist\u00eancias, destacou-se defensivamente, com uma m\u00e9dia de 5,3 bolas recuperadas e 2,9 intercepta\u00e7\u00f5es por jogo.<\/p>\n\n\n\n<p>Com a chegada de Elyeser, o setor de volantes do Brasiliense conta agora com Aldo, Tart\u00e1, Gabriel Galhardo, Rodolfo e Nen\u00ea Bonilha, remanescentes da campanha anterior.<\/p>\n\n\n\n<p><strong>Copinha<\/strong><\/p>\n\n\n\n<p>Paralelamente, o Brasiliense est\u00e1 de volta \u00e0 Copa S\u00e3o Paulo de Futebol J\u00fanior, ap\u00f3s mais de uma d\u00e9cada afastado do principal torneio de base do pa\u00eds.<\/p>\n\n\n\n<p>No entanto, a estreia da equipe comandada por Gabriel Teixeira n\u00e3o foi positiva. Jogando na cidade de Tup\u00e3, no Est\u00e1dio Municipal Alonso Carvalho Braga, o Jacar\u00e9zinho foi derrotado por 1&#215;0 pelos donos da casa.<\/p>\n\n\n\n<p>O \u00fanico gol da partida aconteceu no in\u00edcio do segundo tempo. Com apenas 25 segundos de bola rolando, a defesa do Brasiliense cometeu um erro crucial, permitindo que Tiago Coelho roubasse a bola no meio de campo. O jogador avan\u00e7ou pela esquerda, superou dois marcadores, invadiu a grande \u00e1rea e finalizou com precis\u00e3o, vencendo o goleiro da equipe candanga.<\/p>\n","protected":false},"excerpt":{"rendered":"<p>Elyeser chega ao Jacar\u00e9 sem custos, refor\u00e7ando o elenco para as disputas do Campeonato Candango e da Copa Verde em 2025<\/p>\n","protected":false},"author":55,"featured_media":27063,"comment_status":"closed","ping_status":"closed","sticky":false,"template":"","format":"standard","meta":{"footnotes":""},"categories":[8],"tags":[34],"class_list":["post-27058","post","type-post","status-publish","format-standard","has-post-thumbnail","hentry","category-futebol","tag-brasiliense"],"_links":{"self":[{"href":"https:\/\/www.esportesbrasilia.com.br\/noticias\/wp-json\/wp\/v2\/posts\/27058","targetHints":{"allow":["GET"]}}],"collection":[{"href":"https:\/\/www.esportesbrasilia.com.br\/noticias\/wp-json\/wp\/v2\/posts"}],"about":[{"href":"https:\/\/www.esportesbrasilia.com.br\/noticias\/wp-json\/wp\/v2\/types\/post"}],"author":[{"embeddable":true,"href":"https:\/\/www.esportesbrasilia.com.br\/noticias\/wp-json\/wp\/v2\/users\/55"}],"replies":[{"embeddable":true,"href":"https:\/\/www.esportesbrasilia.com.br\/noticias\/wp-json\/wp\/v2\/comments?post=27058"}],"version-history":[{"count":3,"href":"https:\/\/www.esportesbrasilia.com.br\/noticias\/wp-json\/wp\/v2\/posts\/27058\/revisions"}],"predecessor-version":[{"id":27062,"href":"https:\/\/www.esportesbrasilia.com.br\/noticias\/wp-json\/wp\/v2\/posts\/27058\/revisions\/27062"}],"wp:featuredmedia":[{"embeddable":true,"href":"https:\/\/www.esportesbrasilia.com.br\/noticias\/wp-json\/wp\/v2\/media\/27063"}],"wp:attachment":[{"href":"https:\/\/www.esportesbrasilia.com.br\/noticias\/wp-json\/wp\/v2\/media?parent=27058"}],"wp:term":[{"taxonomy":"category","embeddable":true,"href":"https:\/\/www.esportesbrasilia.com.br\/noticias\/wp-json\/wp\/v2\/categories?post=27058"},{"taxonomy":"post_tag","embeddable":true,"href":"https:\/\/www.esportesbrasilia.com.br\/noticias\/wp-json\/wp\/v2\/tags?post=27058"}],"curies":[{"name":"wp","href":"https:\/\/api.w.org\/{rel}","templated":true}]}}