{"id":26994,"date":"2024-12-19T11:50:50","date_gmt":"2024-12-19T14:50:50","guid":{"rendered":"https:\/\/www.esportesbrasilia.com.br\/noticias\/?p=26994"},"modified":"2024-12-19T11:51:34","modified_gmt":"2024-12-19T14:51:34","slug":"saiba-quem-e-o-primeiro-jogador-da-base-do-ceilandia-ec-a-assinar-contrato-profissional","status":"publish","type":"post","link":"https:\/\/www.esportesbrasilia.com.br\/noticias\/futebol\/saiba-quem-e-o-primeiro-jogador-da-base-do-ceilandia-ec-a-assinar-contrato-profissional.html","title":{"rendered":"Saiba quem \u00e9 o primeiro jogador da Base do Ceil\u00e2ndia EC a assinar Contrato Profissional"},"content":{"rendered":"\n<p>Nascido e criado em Ceil\u00e2ndia,\u00a0Vitinho, 16 anos, assina seu primeiro contrato profissional com o Ceil\u00e2ndia EC. Ele \u00e9 o primeiro atleta da base a assinar um contrato profissional com o clube.<\/p>\n\n\n\n<p>\u201cMeu sonho \u00e9 levar o nome de Ceil\u00e2ndia para o Brasil e o mundo. Esse \u00e9 s\u00f3 o come\u00e7o\u201d destaca o jogador.<\/p>\n\n\n\n<p>Vitinho atua como meia-atacante, mas sua trajet\u00f3ria come\u00e7ou aos 4 anos no futsal, no projeto Arte L\u00edder. O jovem j\u00e1 passou pelo Madureira, Botafoguinho e a base do Gama, mas se destacou no Vit\u00f3ria DF. <\/p>\n\n\n\n<p>Mesmo com passagens em outros times, o atleta se reencontrou na equipe do Gato Preto e foi l\u00e1 que ele realizou um sonho: assinar seu primeiro contrato profissional.<\/p>\n\n\n\n<p>\u201cO Ceil\u00e2ndia \u00e9 um clube que est\u00e1 olhando com muito carinho para a base, e isso faz toda a diferen\u00e7a. Sou muito grato ao presidente<strong>\u00a0<\/strong>Ari de Almeida\u00a0por acreditar nos jovens da nossa cidade e abrir essas portas. Esse novo olhar para a base \u00e9 transformador e representa uma verdadeira revolu\u00e7\u00e3o no futebol local\u201d, afirmou o atleta emocionado.<\/p>\n\n\n\n<h2 class=\"wp-block-heading\">Idealizador do projeto da base do Ceil\u00e2ndia EC<\/h2>\n\n\n\n<p>Marcelinho, gerente das categorias de base do Ceil\u00e2ndia EC, afirma que o Ceil\u00e2ndia EC est\u00e1 se tornando uma refer\u00eancia no Brasil.<\/p>\n\n\n\n<p> \u201cO atleta morador de Ceil\u00e2ndia n\u00e3o precisa mais sair de sua cidade para virar um profissional de futebol ou buscar outra base profissional. O Ceil\u00e2ndia EC \u00e9 a melhor op\u00e7\u00e3o de base do Distrito Federal\u201d, destaca Marcelinho. <\/p>\n\n\n\n<p>O\u00a0Ceil\u00e2ndia EC\u00a0investe continuamente em programas de treinamento de alta qualidade, visando n\u00e3o apenas a forma\u00e7\u00e3o t\u00e9cnica e t\u00e1tica dos atletas, mas tamb\u00e9m seu desenvolvimento pessoal e educacional. Al\u00e9m disso, o clube est\u00e1 com inscri\u00e7\u00f5es abertas para avalia\u00e7\u00f5es de sua base, oferecendo uma oportunidade \u00fanica para jovens talentos ingressarem em um dos programas mais promissores do Distrito Federal. Interessados podem se inscrever pelo\u00a0WhatsApp (61) 99540-3047, diretamente com\u00a0Marcelinho, coordenador da base e de capta\u00e7\u00e3o.<\/p>\n","protected":false},"excerpt":{"rendered":"<p>Nascido e criado em Ceil\u00e2ndia,\u00a0Vitinho, 16 anos, assina seu primeiro contrato profissional com o Ceil\u00e2ndia EC. Ele \u00e9 o primeiro atleta da base a assinar um contrato profissional com o clube. \u201cMeu sonho \u00e9 levar o nome de Ceil\u00e2ndia para o Brasil e o mundo. Esse \u00e9 s\u00f3 o come\u00e7o\u201d destaca o jogador. Vitinho atua [&hellip;]<\/p>\n","protected":false},"author":53,"featured_media":26995,"comment_status":"closed","ping_status":"closed","sticky":false,"template":"","format":"standard","meta":{"footnotes":""},"categories":[8],"tags":[1395,40],"class_list":["post-26994","post","type-post","status-publish","format-standard","has-post-thumbnail","hentry","category-futebol","tag-base","tag-ceilandia"],"_links":{"self":[{"href":"https:\/\/www.esportesbrasilia.com.br\/noticias\/wp-json\/wp\/v2\/posts\/26994","targetHints":{"allow":["GET"]}}],"collection":[{"href":"https:\/\/www.esportesbrasilia.com.br\/noticias\/wp-json\/wp\/v2\/posts"}],"about":[{"href":"https:\/\/www.esportesbrasilia.com.br\/noticias\/wp-json\/wp\/v2\/types\/post"}],"author":[{"embeddable":true,"href":"https:\/\/www.esportesbrasilia.com.br\/noticias\/wp-json\/wp\/v2\/users\/53"}],"replies":[{"embeddable":true,"href":"https:\/\/www.esportesbrasilia.com.br\/noticias\/wp-json\/wp\/v2\/comments?post=26994"}],"version-history":[{"count":2,"href":"https:\/\/www.esportesbrasilia.com.br\/noticias\/wp-json\/wp\/v2\/posts\/26994\/revisions"}],"predecessor-version":[{"id":26997,"href":"https:\/\/www.esportesbrasilia.com.br\/noticias\/wp-json\/wp\/v2\/posts\/26994\/revisions\/26997"}],"wp:featuredmedia":[{"embeddable":true,"href":"https:\/\/www.esportesbrasilia.com.br\/noticias\/wp-json\/wp\/v2\/media\/26995"}],"wp:attachment":[{"href":"https:\/\/www.esportesbrasilia.com.br\/noticias\/wp-json\/wp\/v2\/media?parent=26994"}],"wp:term":[{"taxonomy":"category","embeddable":true,"href":"https:\/\/www.esportesbrasilia.com.br\/noticias\/wp-json\/wp\/v2\/categories?post=26994"},{"taxonomy":"post_tag","embeddable":true,"href":"https:\/\/www.esportesbrasilia.com.br\/noticias\/wp-json\/wp\/v2\/tags?post=26994"}],"curies":[{"name":"wp","href":"https:\/\/api.w.org\/{rel}","templated":true}]}}