{"id":26941,"date":"2024-12-04T22:35:53","date_gmt":"2024-12-05T01:35:53","guid":{"rendered":"https:\/\/www.esportesbrasilia.com.br\/noticias\/?p=26941"},"modified":"2024-12-04T22:36:15","modified_gmt":"2024-12-05T01:36:15","slug":"de-virada-brasilia-volei-vence-no-primeiro-classico-candango-pela-superliga-b-masculina","status":"publish","type":"post","link":"https:\/\/www.esportesbrasilia.com.br\/noticias\/volei\/de-virada-brasilia-volei-vence-no-primeiro-classico-candango-pela-superliga-b-masculina.html","title":{"rendered":"De virada, Bras\u00edlia V\u00f4lei vence no primeiro cl\u00e1ssico candango pela Superliga B Masculina"},"content":{"rendered":"\n<p>Foto: Rog\u00e9rio Guerreiro\/Bras\u00edlia V\u00f4lei<\/p>\n\n\n\n<p>Bras\u00edlia V\u00f4lei e Real Brasiliense deram a largada, nesta quarta-feira (04), para a edi\u00e7\u00e3o 2024\/2025 da Superliga B Masculina de v\u00f4lei. Esta foi a primeira vez que duas equipes do Distrito Federal se enfrentaram no certame nacional.<\/p>\n\n\n\n<p>Jogando no gin\u00e1sio do SESI Taguatinga, o Real Brasiliense, que estreia na competi\u00e7\u00e3o, at\u00e9 venceu o primeiro set por 25&#215;23.<\/p>\n\n\n\n<p>No entanto, o Bras\u00edlia V\u00f4lei virou o placar nos tr\u00eas sets seguintes e confirmou a vit\u00f3ria por 3 sets a 1. No segundo set, a parcial foi de 25&#215;18. J\u00e1 no terceiro, os donos da casa venceram por 25&#215;19. No quarto set, o resultado foi favor\u00e1vel ao time mandante em 25&#215;16.<\/p>\n\n\n\n<p>Na pr\u00f3xima rodada, o Bras\u00edlia V\u00f4lei enfrenta o Norde V\u00f4lei, time que \u00e9 treinador pelo ex-jogador da sele\u00e7\u00e3o brasileira, Marcelo Negr\u00e3o. O jogo acontece no dia 13 de dezembro, \u00e0s 18h, no Gin\u00e1sio A\u00e9cio de Borba, em Fortaleza\/CE.<\/p>\n\n\n\n<p>J\u00e1 o Real Brasiliense volta \u00e0s quadras no dia 15 de dezembro, \u00e0s 17h, quando visita o Montes Claros V\u00f4lei no gin\u00e1sio Tancredo Neves, em Montes Claros\/MG.<\/p>\n","protected":false},"excerpt":{"rendered":"<p>Real Brasiliense sai na frente na estreia da competi\u00e7\u00e3o, mas cedeu a virada para o time comandado por Marcelo Thiessen<\/p>\n","protected":false},"author":2,"featured_media":26942,"comment_status":"closed","ping_status":"closed","sticky":false,"template":"","format":"standard","meta":{"footnotes":""},"categories":[11],"tags":[],"class_list":["post-26941","post","type-post","status-publish","format-standard","has-post-thumbnail","hentry","category-volei"],"_links":{"self":[{"href":"https:\/\/www.esportesbrasilia.com.br\/noticias\/wp-json\/wp\/v2\/posts\/26941","targetHints":{"allow":["GET"]}}],"collection":[{"href":"https:\/\/www.esportesbrasilia.com.br\/noticias\/wp-json\/wp\/v2\/posts"}],"about":[{"href":"https:\/\/www.esportesbrasilia.com.br\/noticias\/wp-json\/wp\/v2\/types\/post"}],"author":[{"embeddable":true,"href":"https:\/\/www.esportesbrasilia.com.br\/noticias\/wp-json\/wp\/v2\/users\/2"}],"replies":[{"embeddable":true,"href":"https:\/\/www.esportesbrasilia.com.br\/noticias\/wp-json\/wp\/v2\/comments?post=26941"}],"version-history":[{"count":2,"href":"https:\/\/www.esportesbrasilia.com.br\/noticias\/wp-json\/wp\/v2\/posts\/26941\/revisions"}],"predecessor-version":[{"id":26944,"href":"https:\/\/www.esportesbrasilia.com.br\/noticias\/wp-json\/wp\/v2\/posts\/26941\/revisions\/26944"}],"wp:featuredmedia":[{"embeddable":true,"href":"https:\/\/www.esportesbrasilia.com.br\/noticias\/wp-json\/wp\/v2\/media\/26942"}],"wp:attachment":[{"href":"https:\/\/www.esportesbrasilia.com.br\/noticias\/wp-json\/wp\/v2\/media?parent=26941"}],"wp:term":[{"taxonomy":"category","embeddable":true,"href":"https:\/\/www.esportesbrasilia.com.br\/noticias\/wp-json\/wp\/v2\/categories?post=26941"},{"taxonomy":"post_tag","embeddable":true,"href":"https:\/\/www.esportesbrasilia.com.br\/noticias\/wp-json\/wp\/v2\/tags?post=26941"}],"curies":[{"name":"wp","href":"https:\/\/api.w.org\/{rel}","templated":true}]}}