{"id":26935,"date":"2024-12-04T10:15:18","date_gmt":"2024-12-04T13:15:18","guid":{"rendered":"https:\/\/www.esportesbrasilia.com.br\/noticias\/?p=26935"},"modified":"2024-12-04T10:19:34","modified_gmt":"2024-12-04T13:19:34","slug":"brasiliense-fecha-com-apodi-ex-santos-e-chapecoense","status":"publish","type":"post","link":"https:\/\/www.esportesbrasilia.com.br\/noticias\/futebol\/brasiliense-fecha-com-apodi-ex-santos-e-chapecoense.html","title":{"rendered":"Brasiliense fecha com Apodi, ex-Santos e Chapecoense"},"content":{"rendered":"\n<p><em>Cr\u00e9ditos: Sirli Freitas\/Divulga\u00e7\u00e3o<\/em><\/p>\n\n\n\n<p>O Brasiliense anunciou a contrata\u00e7\u00e3o do lateral-direito Apodi, de 37 anos. Segundo o clube, o jogador, conhecido por sua versatilidade, pode ser escalado como atacante no time do Jacar\u00e9.<\/p>\n\n\n\n<p>Apodi estava no Vila Nova (GO), onde disputou 19 partidas na S\u00e9rie B. Apesar de ter sido titular em apenas uma delas, o atleta contribuiu com uma assist\u00eancia ao longo da temporada.<\/p>\n\n\n\n<p>Em 2025, o Brasiliense ter\u00e1 apenas o Campeonato Candango no calend\u00e1rio, j\u00e1 que Ceil\u00e2ndia e Capital, finalistas da \u00faltima edi\u00e7\u00e3o do torneio estadual, representar\u00e3o o Distrito Federal na S\u00e9rie D, na Copa Verde e na Copa do Brasil no pr\u00f3ximo ano.<\/p>\n","protected":false},"excerpt":{"rendered":"<p>Cr\u00e9ditos: Sirli Freitas\/Divulga\u00e7\u00e3o O Brasiliense anunciou a contrata\u00e7\u00e3o do lateral-direito Apodi, de 37 anos. Segundo o clube, o jogador, conhecido por sua versatilidade, pode ser escalado como atacante no time do Jacar\u00e9. Apodi estava no Vila Nova (GO), onde disputou 19 partidas na S\u00e9rie B. Apesar de ter sido titular em apenas uma delas, o [&hellip;]<\/p>\n","protected":false},"author":55,"featured_media":26936,"comment_status":"closed","ping_status":"closed","sticky":false,"template":"","format":"standard","meta":{"footnotes":""},"categories":[8],"tags":[34],"class_list":["post-26935","post","type-post","status-publish","format-standard","has-post-thumbnail","hentry","category-futebol","tag-brasiliense"],"_links":{"self":[{"href":"https:\/\/www.esportesbrasilia.com.br\/noticias\/wp-json\/wp\/v2\/posts\/26935","targetHints":{"allow":["GET"]}}],"collection":[{"href":"https:\/\/www.esportesbrasilia.com.br\/noticias\/wp-json\/wp\/v2\/posts"}],"about":[{"href":"https:\/\/www.esportesbrasilia.com.br\/noticias\/wp-json\/wp\/v2\/types\/post"}],"author":[{"embeddable":true,"href":"https:\/\/www.esportesbrasilia.com.br\/noticias\/wp-json\/wp\/v2\/users\/55"}],"replies":[{"embeddable":true,"href":"https:\/\/www.esportesbrasilia.com.br\/noticias\/wp-json\/wp\/v2\/comments?post=26935"}],"version-history":[{"count":3,"href":"https:\/\/www.esportesbrasilia.com.br\/noticias\/wp-json\/wp\/v2\/posts\/26935\/revisions"}],"predecessor-version":[{"id":26940,"href":"https:\/\/www.esportesbrasilia.com.br\/noticias\/wp-json\/wp\/v2\/posts\/26935\/revisions\/26940"}],"wp:featuredmedia":[{"embeddable":true,"href":"https:\/\/www.esportesbrasilia.com.br\/noticias\/wp-json\/wp\/v2\/media\/26936"}],"wp:attachment":[{"href":"https:\/\/www.esportesbrasilia.com.br\/noticias\/wp-json\/wp\/v2\/media?parent=26935"}],"wp:term":[{"taxonomy":"category","embeddable":true,"href":"https:\/\/www.esportesbrasilia.com.br\/noticias\/wp-json\/wp\/v2\/categories?post=26935"},{"taxonomy":"post_tag","embeddable":true,"href":"https:\/\/www.esportesbrasilia.com.br\/noticias\/wp-json\/wp\/v2\/tags?post=26935"}],"curies":[{"name":"wp","href":"https:\/\/api.w.org\/{rel}","templated":true}]}}