{"id":26920,"date":"2024-12-02T16:59:36","date_gmt":"2024-12-02T19:59:36","guid":{"rendered":"https:\/\/www.esportesbrasilia.com.br\/noticias\/?p=26920"},"modified":"2024-12-02T17:01:25","modified_gmt":"2024-12-02T20:01:25","slug":"e-tempo-de-redencao","status":"publish","type":"post","link":"https:\/\/www.esportesbrasilia.com.br\/noticias\/colunas\/notatico\/e-tempo-de-redencao.html","title":{"rendered":"\u00c9 tempo de reden\u00e7\u00e3o"},"content":{"rendered":"\n<p>Dia 30 de novembro de 2024. \u00c9 parte da hist\u00f3ria. E entre tantas hist\u00f3rias, tomo a liberdade de contar uma espec\u00edfica. Os Penha s\u00e3o uma fam\u00edlia simples e trabalhadora, formada por uma m\u00e3e maranhense e um pai capixaba, que se formaram primeiro na Ceil\u00e2ndia, mudando-se para o Recanto das Emas em 1994, nos in\u00edcios da ent\u00e3o sat\u00e9lite.<\/p>\n\n\n\n<p>Este humilde colunista entra na hist\u00f3ria da fam\u00edlia em 2004, quando um sujeito ent\u00e3o franzino (antes de orgulhar-se de treinar) casou-se com minha m\u00e3e. O que Tio Igor, para os \u00edntimos da escola onde ele trabalha, me fez, \u00e9 digno de que eu o chame e considere como pai. Para qualquer dos efeitos, foi a pessoa que mais me ensinou sobre a vida. Ele n\u00e3o gostava de falar sobre futebol, at\u00e9 2023. N\u00e3o gosta de mostrar a ningu\u00e9m quando est\u00e1 menos que bem, apesar de gostar e me incentivar indiretamente a me sentar com a fam\u00edlia para ver o time jogar.<\/p>\n\n\n\n<p>Foi ali onde arrumei meu primeiro amigo. O primeiro companheiro de time e advers\u00e1rio na garagem, no asfalto e no sint\u00e9tico 5&#215;5. Meu primo Pedro andava para todos os lados e, com ele, aprendi muitas das coisas que se podem aprender na rua, independente da gera\u00e7\u00e3o a que algu\u00e9m perten\u00e7a. Mesmo vivendo debaixo do teto de um pai e um irm\u00e3o flamenguista, preferiu pelo preto e branco. Sofreu. Se irritou. Mas abriu o precedente dos netos botafoguenses. Faz sentido que fosse o segundo a quem eu abra\u00e7asse ap\u00f3s o apito final.<\/p>\n\n\n\n<p>Como todo garoto humilde, meu tio Dennys tamb\u00e9m tentou jogar futebol. Os relatos que eu ouvi dele jogando nunca foram negativos. Me considero no azar de nunca ter o privilegiado com o pleno vigor da juventude. Ainda que tivesse custado, conseguiu fazer dos filhos, botafoguenses. Certamente, em algum momento dos fracassos, ele perguntou-se: &#8220;Como merda fa\u00e7o para meus filhos torcerem pra esse time?&#8221; Agora, os pr\u00f3prios s\u00e3o mais que capazes de agradecerem o sangue que levam.<\/p>\n\n\n\n<p>Tudo come\u00e7a, assim como no primeiro par\u00e1grafo, por Seu Rivaldo. Meu av\u00f4, botafoguense desde n\u00e3o-sei-quando, ensina todos os dias aos que est\u00e3o \u00e0 sua volta, o que me inclui. Por ele, entendi mais que de futebol, da vida. E n\u00e3o precisava o Botafogo jogar, ou n\u00f3s vermos futebol. Justo com ele, que certamente foi a pessoa com quem mais assisti a partidas ao longo dos meus 22 anos. H\u00e1 dez, ele descobriu o Mal de Parkinson, e desde ent\u00e3o, magicamente, para mim, se fez muito mais s\u00e1bio do que antes. <\/p>\n\n\n\n<p>A cada derrocada do time, o lamento era o mesmo: &#8220;Meu pai n\u00e3o vai mais ver o Botafogo campe\u00e3o&#8221;. Logo ele que ouviu, no r\u00e1dio, os estrelados Garrincha, Jairzinho, Didi, Nilton Santos e tantos outros. Que viu como Maur\u00edcio fechava a maldita e longa fila contra o Flamengo, em 89. Que viu a felicidade dos filhos em 1995, com T\u00falio, contra o Santos, no Pacaembu. Concluiu perfeitamente, sua miss\u00e3o: passou adiante a rica hist\u00f3ria do Botafogo de Futebol e Regatas.<\/p>\n\n\n\n<p>Confesso que celebrei cada momento da final com aqueles que estiveram toda minha vida do lado. Disse que estava &#8220;tudo bem sofrer uma final de Libertadores&#8221;. Expresso abertamente que tenho grande simpatia pelo Botafogo, por ser, sobretudo, um dos elos que me une \u00e0 minha fam\u00edlia, que sequer adotiva parece. S\u00e3o os meus, ent\u00e3o tamb\u00e9m \u00e9 um t\u00edtulo meu. Apesar de eu, como palmeirense, disputar t\u00edtulos contra o Fog\u00e3o nos \u00faltimos dois anos, mais vale o legado eterno que me d\u00e3o os Penha, todos os dias.<\/p>\n","protected":false},"excerpt":{"rendered":"<p>Dia hist\u00f3rico dos botafoguenses de sempre, a final da Libertadores marca uma val\u00eancia de vida a quem convive com eles<\/p>\n","protected":false},"author":54,"featured_media":26484,"comment_status":"closed","ping_status":"closed","sticky":false,"template":"","format":"standard","meta":{"footnotes":""},"categories":[1029],"tags":[],"class_list":["post-26920","post","type-post","status-publish","format-standard","has-post-thumbnail","hentry","category-notatico"],"_links":{"self":[{"href":"https:\/\/www.esportesbrasilia.com.br\/noticias\/wp-json\/wp\/v2\/posts\/26920","targetHints":{"allow":["GET"]}}],"collection":[{"href":"https:\/\/www.esportesbrasilia.com.br\/noticias\/wp-json\/wp\/v2\/posts"}],"about":[{"href":"https:\/\/www.esportesbrasilia.com.br\/noticias\/wp-json\/wp\/v2\/types\/post"}],"author":[{"embeddable":true,"href":"https:\/\/www.esportesbrasilia.com.br\/noticias\/wp-json\/wp\/v2\/users\/54"}],"replies":[{"embeddable":true,"href":"https:\/\/www.esportesbrasilia.com.br\/noticias\/wp-json\/wp\/v2\/comments?post=26920"}],"version-history":[{"count":7,"href":"https:\/\/www.esportesbrasilia.com.br\/noticias\/wp-json\/wp\/v2\/posts\/26920\/revisions"}],"predecessor-version":[{"id":26927,"href":"https:\/\/www.esportesbrasilia.com.br\/noticias\/wp-json\/wp\/v2\/posts\/26920\/revisions\/26927"}],"wp:featuredmedia":[{"embeddable":true,"href":"https:\/\/www.esportesbrasilia.com.br\/noticias\/wp-json\/wp\/v2\/media\/26484"}],"wp:attachment":[{"href":"https:\/\/www.esportesbrasilia.com.br\/noticias\/wp-json\/wp\/v2\/media?parent=26920"}],"wp:term":[{"taxonomy":"category","embeddable":true,"href":"https:\/\/www.esportesbrasilia.com.br\/noticias\/wp-json\/wp\/v2\/categories?post=26920"},{"taxonomy":"post_tag","embeddable":true,"href":"https:\/\/www.esportesbrasilia.com.br\/noticias\/wp-json\/wp\/v2\/tags?post=26920"}],"curies":[{"name":"wp","href":"https:\/\/api.w.org\/{rel}","templated":true}]}}