{"id":26826,"date":"2024-11-18T14:12:46","date_gmt":"2024-11-18T17:12:46","guid":{"rendered":"https:\/\/www.esportesbrasilia.com.br\/noticias\/?p=26826"},"modified":"2024-11-18T14:12:47","modified_gmt":"2024-11-18T17:12:47","slug":"candangao-2025-pode-ser-definido-pelo-mercado-de-tecnicos","status":"publish","type":"post","link":"https:\/\/www.esportesbrasilia.com.br\/noticias\/colunas\/candangao-2025-pode-ser-definido-pelo-mercado-de-tecnicos.html","title":{"rendered":"Candang\u00e3o 2025 pode ser definido pelo mercado de t\u00e9cnicos"},"content":{"rendered":"\n<p>Com um calend\u00e1rio in\u00e9dito e maluco previsto para 2025, o Candang\u00e3o pode estar a menos de dois meses do seu in\u00edcio. Se bem seu Conselho Arbitral se celebra nesta quinta-feira (12\/11), al\u00e9m da costumeira falta de transpar\u00eancia antecipada dos planos literais em campo, ou seja, os jogadores, outros atores importantes do jogo tamb\u00e9m n\u00e3o est\u00e3o esclarecidos a essa altura: os t\u00e9cnicos.<\/p>\n\n\n\n<p>Figuras geralmente apresentados de in\u00edcio por encabe\u00e7arem os projetos dos dez times que jogam o Distrital, apenas tr\u00eas clubes t\u00eam, de fato, os nomes escolhidos para comandarem as casamatas. Com seus primeiros atletas anunciados desde a \u00faltima sexta-feira (15\/11), o Gama h\u00e1 muito informou seu treinador no conhecido nome de Glauber Ramos, do clube e uma esperan\u00e7a pelo crescimento e boa experi\u00eancia adquiridos no meio tempo entre a primeira e segunda passagem na institui\u00e7\u00e3o.<\/p>\n\n\n\n<p>Entretanto, o destaque positivo est\u00e1, no que julgo, na data presente, nos mais favoritos ao Candang\u00e3o: Capital e Brasiliense. Se bem o Coruja, passado o vice-campeonato ante o Ceil\u00e2ndia, havia confirmado a perman\u00eancia de Paulinho Kobayashi, o Jacar\u00e9 resolveu faz\u00ea-lo ap\u00f3s o bom aproveitamento de Luiz Carlos Winck, mesmo sem conseguir o acesso \u00e0 S\u00e9rie C nacional.<\/p>\n\n\n\n<p>Tal manobra, por sinal, desfaz uma ordem para o principal time da fam\u00edlia Estev\u00e3o, de optar pelos t\u00e9cnicos preferidos do futebol candango e tamb\u00e9m do conglomerado. Assim, alguns nomes costumeiros do mercado recente local, al\u00e9m de rodarem atualmente em outros mercados, s\u00e3o nomes do radar e da possibilidade de comandarem equipes na pr\u00f3xima edi\u00e7\u00e3o.<\/p>\n\n\n\n<p>Dois casos de mem\u00f3ria me intrigam: Augusto C\u00e9sar e Christian Ramos. O primeiro foi demitido por diverg\u00eancias internas no Sobradinho, mesmo com campanha invicta enquanto liderou a equipe na Segundinha. O segundo levou o SESP Bras\u00edlia \u00e0 semifinal do campeonato ap\u00f3s ser bode expiat\u00f3rio dos estranhos feitos no Santa Maria. Conseguiu salvar o ano para ent\u00e3o aparecer bem no mercado.<\/p>\n\n\n\n<p>Outro caso pendente acontece no atual campe\u00e3o, Ceil\u00e2ndia. Adelson de Almeida ainda n\u00e3o acertou a perman\u00eancia para um ano de calend\u00e1rio cheio, em mais uma tentativa de promo\u00e7\u00e3o \u00e0 terceira divis\u00e3o do Brasileir\u00e3o. Ao programa De Prima, da Esportes Bras\u00edlia e do DF \u00c1guas Claras, apresentado por Rener Lopes, o presidente Ari de Almeida disse &#8220;n\u00e3o haver segundo plano&#8221; no caso de uma negativa. Mas, convenhamos, entre os Almeida, parece que n\u00e3o haveria falha com a fraternidade, sobretudo na defesa do t\u00edtulo.<\/p>\n","protected":false},"excerpt":{"rendered":"<p>Nomes dispon\u00edveis tendem a pautar a din\u00e2mica dos clubes competidores, com indefini\u00e7\u00e3o oficial a dois meses do campeonato<\/p>\n","protected":false},"author":54,"featured_media":26484,"comment_status":"closed","ping_status":"closed","sticky":false,"template":"","format":"standard","meta":{"footnotes":""},"categories":[25,1029],"tags":[],"class_list":["post-26826","post","type-post","status-publish","format-standard","has-post-thumbnail","hentry","category-colunas","category-notatico"],"_links":{"self":[{"href":"https:\/\/www.esportesbrasilia.com.br\/noticias\/wp-json\/wp\/v2\/posts\/26826","targetHints":{"allow":["GET"]}}],"collection":[{"href":"https:\/\/www.esportesbrasilia.com.br\/noticias\/wp-json\/wp\/v2\/posts"}],"about":[{"href":"https:\/\/www.esportesbrasilia.com.br\/noticias\/wp-json\/wp\/v2\/types\/post"}],"author":[{"embeddable":true,"href":"https:\/\/www.esportesbrasilia.com.br\/noticias\/wp-json\/wp\/v2\/users\/54"}],"replies":[{"embeddable":true,"href":"https:\/\/www.esportesbrasilia.com.br\/noticias\/wp-json\/wp\/v2\/comments?post=26826"}],"version-history":[{"count":5,"href":"https:\/\/www.esportesbrasilia.com.br\/noticias\/wp-json\/wp\/v2\/posts\/26826\/revisions"}],"predecessor-version":[{"id":26861,"href":"https:\/\/www.esportesbrasilia.com.br\/noticias\/wp-json\/wp\/v2\/posts\/26826\/revisions\/26861"}],"wp:featuredmedia":[{"embeddable":true,"href":"https:\/\/www.esportesbrasilia.com.br\/noticias\/wp-json\/wp\/v2\/media\/26484"}],"wp:attachment":[{"href":"https:\/\/www.esportesbrasilia.com.br\/noticias\/wp-json\/wp\/v2\/media?parent=26826"}],"wp:term":[{"taxonomy":"category","embeddable":true,"href":"https:\/\/www.esportesbrasilia.com.br\/noticias\/wp-json\/wp\/v2\/categories?post=26826"},{"taxonomy":"post_tag","embeddable":true,"href":"https:\/\/www.esportesbrasilia.com.br\/noticias\/wp-json\/wp\/v2\/tags?post=26826"}],"curies":[{"name":"wp","href":"https:\/\/api.w.org\/{rel}","templated":true}]}}