{"id":26820,"date":"2024-11-11T17:41:08","date_gmt":"2024-11-11T20:41:08","guid":{"rendered":"https:\/\/www.esportesbrasilia.com.br\/noticias\/?p=26820"},"modified":"2024-11-15T20:18:15","modified_gmt":"2024-11-15T23:18:15","slug":"como-ordem-e-claridade-de-objetivos-pautaram-a-temporada-2024","status":"publish","type":"post","link":"https:\/\/www.esportesbrasilia.com.br\/noticias\/colunas\/notatico\/como-ordem-e-claridade-de-objetivos-pautaram-a-temporada-2024.html","title":{"rendered":"Como ordem e claridade de objetivos pautaram a temporada 2024"},"content":{"rendered":"\n<p>Eu sei, ainda n\u00e3o acabou. Mas cabe baixo diversos par\u00e2metros fazer tal an\u00e1lise desde o que j\u00e1 tivemos neste ano, que n\u00e3o foi pouco. Aqui e em todo o pa\u00eds. J\u00e1 d\u00e1 para tirar, em meio ao desafio imposto na rela\u00e7\u00e3o regularidade-calend\u00e1rio, onde os times compreendem a organiza\u00e7\u00e3o de vesti\u00e1rio e a clareza de objetivo, com plena concentra\u00e7\u00e3o no mesmo (vide capacidade t\u00e9cnica) para lograr o mesmo.<\/p>\n\n\n\n<p>Come\u00e7o com o caso mais intrigante. O Atl\u00e9tico Mineiro \u00e9 sempre tido como um time candidato a tudo, findado os estaduais. N\u00e3o os vimos no Brasileir\u00e3o, onde vagam pelo meio da tabela. Ap\u00f3s a frustra\u00e7\u00e3o com o historicamente copeiro Felip\u00e3o, quem deu a pecha de time de mata-mata foi o argentino Gabriel Milito. E foi dando certo, na Copa do Brasil e na Libertadores. Na primeira final, viu-se o Galo do Brasileiro, da\u00ed a derrota em dois jogos. As derrotas, melhor dizendo.<\/p>\n\n\n\n<p>O visto pelos atleticanos alegra o time mais regular no cl\u00edmax da temporada. \u00c9 de plena justi\u00e7a que se rotule o Botafogo como melhor futebol do continente. \u00danico com plena profundidade de elenco, constante no Brasileiro, com a lideran\u00e7a, e na Libertadores sendo finalista com caminho bem mais dif\u00edcil que o Mineiro. \u00c9 favorito \u00e0s ta\u00e7as. Ainda mais se o time de Milito repetir o mesmo contra o Flamengo. Tirar uma vaga, como no caso do Bahia, nas oitavas da Copa Nacional, custou imensamente. Pode custar o cargo de Rog\u00e9rio Ceni, que n\u00e3o anda bem em lugar algum a esta altura.<\/p>\n\n\n\n<p>Com n\u00edvel similar e em crise em momento ainda mais cr\u00edtico, o Palmeiras do &#8220;pacto&#8221; viu-se sem copa em agosto e ainda assim n\u00e3o conseguiu ter n\u00edvel para alcan\u00e7ar os botafoguenses nos pontos corridos. A obsess\u00e3o (palavra da ponta da l\u00edngua dos palestrinos nos \u00faltimos anos) est\u00e1 na 36\u00aa rodada, com uma &#8220;final&#8221; em casa, onde, pasmem, o time de Abel Ferreira, hoje, \u00e9 zebra frente aos comandados de Artur Jorge.<\/p>\n\n\n\n<p>Por falar em t\u00e9cnicos, que dizer do Flamengo? Tite era homem de outro patamar no par\u00e2metro p\u00f3s-estadual: um gol sofrido, talvez a melhor campanha da hist\u00f3ria do Carioca e mais ta\u00e7as \u00e0 vista. Do nada, cr\u00edtica, contra-estilo, press\u00e3o da torcida e o peso de um Maracan\u00e3 nas costas do ex-Sele\u00e7\u00e3o. Bastou dar passo ao \u00eddolo e ent\u00e3o treinador do time sub-20, Filipe Lu\u00eds que, em nove jogos, conquistou a Copa do Brasil pondo o Atl\u00e9tico no bolso e devolveu a paz a Gabriel Barbosa em sua \u00faltima decis\u00e3o pelo clube, j\u00e1 que o atacante se vai ao Cruzeiro em 2025.<\/p>\n\n\n\n<p>Era um ano que tinha tudo para acabar mal, mas terminou bem. Ao contr\u00e1rio desta ordem, considerado o meio da temporada, est\u00e1 a hist\u00f3ria local do Brasiliense. Parecia que n\u00e3o, mas Luiz Carlos Winck (que, registro, acertadamente fica para o Candang\u00e3o 2025) teve a m\u00e3o do time e do vesti\u00e1rio. Era uma onda crescente em campo, para o acesso, passada uma primeira fase superba desde a m\u00e3o do ex-An\u00e1polis: teve um prot\u00f3tipo de vexame contra o Real Noroeste, afirma\u00e7\u00e3o contra o Brasil de Pelotas e queda ante o surpreendente Retr\u00f4. Para fora.<\/p>\n\n\n\n<p>\u00c9 li\u00e7\u00e3o para o presente e para o futuro: o acerto de regularidade e o <em>timing<\/em> para as conquistas, quando estas se encaixam. Certas coisas, quando n\u00e3o s\u00e3o, n\u00e3o devem ser. Mas tamb\u00e9m passam por querer ser. &#8220;Quem sabe, faz a hora, n\u00e3o espera acontecer&#8221;.<\/p>\n","protected":false},"excerpt":{"rendered":"<p>Vesti\u00e1rio posto no lugar e com concentra\u00e7\u00e3o nos objetivos marcaram os altos e baixos da temporada 2024 em todo futebol brasileiro<\/p>\n","protected":false},"author":54,"featured_media":26484,"comment_status":"closed","ping_status":"closed","sticky":false,"template":"","format":"standard","meta":{"footnotes":""},"categories":[1029],"tags":[],"class_list":["post-26820","post","type-post","status-publish","format-standard","has-post-thumbnail","hentry","category-notatico"],"_links":{"self":[{"href":"https:\/\/www.esportesbrasilia.com.br\/noticias\/wp-json\/wp\/v2\/posts\/26820","targetHints":{"allow":["GET"]}}],"collection":[{"href":"https:\/\/www.esportesbrasilia.com.br\/noticias\/wp-json\/wp\/v2\/posts"}],"about":[{"href":"https:\/\/www.esportesbrasilia.com.br\/noticias\/wp-json\/wp\/v2\/types\/post"}],"author":[{"embeddable":true,"href":"https:\/\/www.esportesbrasilia.com.br\/noticias\/wp-json\/wp\/v2\/users\/54"}],"replies":[{"embeddable":true,"href":"https:\/\/www.esportesbrasilia.com.br\/noticias\/wp-json\/wp\/v2\/comments?post=26820"}],"version-history":[{"count":3,"href":"https:\/\/www.esportesbrasilia.com.br\/noticias\/wp-json\/wp\/v2\/posts\/26820\/revisions"}],"predecessor-version":[{"id":26824,"href":"https:\/\/www.esportesbrasilia.com.br\/noticias\/wp-json\/wp\/v2\/posts\/26820\/revisions\/26824"}],"wp:featuredmedia":[{"embeddable":true,"href":"https:\/\/www.esportesbrasilia.com.br\/noticias\/wp-json\/wp\/v2\/media\/26484"}],"wp:attachment":[{"href":"https:\/\/www.esportesbrasilia.com.br\/noticias\/wp-json\/wp\/v2\/media?parent=26820"}],"wp:term":[{"taxonomy":"category","embeddable":true,"href":"https:\/\/www.esportesbrasilia.com.br\/noticias\/wp-json\/wp\/v2\/categories?post=26820"},{"taxonomy":"post_tag","embeddable":true,"href":"https:\/\/www.esportesbrasilia.com.br\/noticias\/wp-json\/wp\/v2\/tags?post=26820"}],"curies":[{"name":"wp","href":"https:\/\/api.w.org\/{rel}","templated":true}]}}