{"id":26684,"date":"2024-10-14T19:52:13","date_gmt":"2024-10-14T22:52:13","guid":{"rendered":"https:\/\/www.esportesbrasilia.com.br\/noticias\/?p=26684"},"modified":"2024-10-14T19:52:14","modified_gmt":"2024-10-14T22:52:14","slug":"brasilia-visita-o-bauru-na-panela-de-pressao","status":"publish","type":"post","link":"https:\/\/www.esportesbrasilia.com.br\/noticias\/basquete\/brasilia-visita-o-bauru-na-panela-de-pressao.html","title":{"rendered":"Bras\u00edlia visita o Bauru na Panela de Press\u00e3o"},"content":{"rendered":"\n<p>O Bras\u00edlia Basquete volta a ter vida dif\u00edcil em calend\u00e1rio pelo Novo Basquete Brasil (NBB). Nesta ter\u00e7a-feira (15\/10), a visita ser\u00e1 \u00e0 Panela de Press\u00e3o, contra o Bauru, \u00e0s 19h30.<\/p>\n\n\n\n<p>A partida \u00e9 a segunda de um rol de tr\u00eas jogos fora de casa para o Celeste. No \u00faltimo s\u00e1bado (12\/10), caiu na abertura do campeonato contra o Minas, em Belo Horizonte, por 74 x 66. J\u00e1 na quinta-feira (17\/10), vem o primeiro cl\u00e1ssico da temporada, contra o Franca, no Pedroc\u00e3o.<\/p>\n\n\n\n<p>Na segunda rodada, haver\u00e1 encontro com um \u00eddolo da institui\u00e7\u00e3o. Durante o Torneio de Abertura, o ala-armador Alex Garcia visitou o Gin\u00e1sio Nilson Nelson e foi homenageado.<\/p>\n\n\n\n<p>Ser\u00e1 a estreia da competi\u00e7\u00e3o para o Drag\u00e3o, que n\u00e3o entrou em quadra na abertura do NBB. O jogo tem transmiss\u00e3o do canal oficial da liga, no YouTube.<\/p>\n","protected":false},"excerpt":{"rendered":"<p>Confronto \u00e9 o primeiro em S\u00e3o Paulo na temporada, sendo segunda visita seguida antes de cl\u00e1ssico contra o Franca<\/p>\n","protected":false},"author":54,"featured_media":26667,"comment_status":"closed","ping_status":"closed","sticky":false,"template":"","format":"standard","meta":{"footnotes":""},"categories":[12],"tags":[],"class_list":["post-26684","post","type-post","status-publish","format-standard","has-post-thumbnail","hentry","category-basquete"],"_links":{"self":[{"href":"https:\/\/www.esportesbrasilia.com.br\/noticias\/wp-json\/wp\/v2\/posts\/26684","targetHints":{"allow":["GET"]}}],"collection":[{"href":"https:\/\/www.esportesbrasilia.com.br\/noticias\/wp-json\/wp\/v2\/posts"}],"about":[{"href":"https:\/\/www.esportesbrasilia.com.br\/noticias\/wp-json\/wp\/v2\/types\/post"}],"author":[{"embeddable":true,"href":"https:\/\/www.esportesbrasilia.com.br\/noticias\/wp-json\/wp\/v2\/users\/54"}],"replies":[{"embeddable":true,"href":"https:\/\/www.esportesbrasilia.com.br\/noticias\/wp-json\/wp\/v2\/comments?post=26684"}],"version-history":[{"count":1,"href":"https:\/\/www.esportesbrasilia.com.br\/noticias\/wp-json\/wp\/v2\/posts\/26684\/revisions"}],"predecessor-version":[{"id":26685,"href":"https:\/\/www.esportesbrasilia.com.br\/noticias\/wp-json\/wp\/v2\/posts\/26684\/revisions\/26685"}],"wp:featuredmedia":[{"embeddable":true,"href":"https:\/\/www.esportesbrasilia.com.br\/noticias\/wp-json\/wp\/v2\/media\/26667"}],"wp:attachment":[{"href":"https:\/\/www.esportesbrasilia.com.br\/noticias\/wp-json\/wp\/v2\/media?parent=26684"}],"wp:term":[{"taxonomy":"category","embeddable":true,"href":"https:\/\/www.esportesbrasilia.com.br\/noticias\/wp-json\/wp\/v2\/categories?post=26684"},{"taxonomy":"post_tag","embeddable":true,"href":"https:\/\/www.esportesbrasilia.com.br\/noticias\/wp-json\/wp\/v2\/tags?post=26684"}],"curies":[{"name":"wp","href":"https:\/\/api.w.org\/{rel}","templated":true}]}}