{"id":26650,"date":"2024-10-12T13:07:00","date_gmt":"2024-10-12T16:07:00","guid":{"rendered":"https:\/\/www.esportesbrasilia.com.br\/noticias\/?p=26650"},"modified":"2024-10-12T01:17:36","modified_gmt":"2024-10-12T04:17:36","slug":"brasilia-basquete-anuncia-contratacao-de-ala-armador-para-a-largada-do-nbb","status":"publish","type":"post","link":"https:\/\/www.esportesbrasilia.com.br\/noticias\/basquete\/brasilia-basquete-anuncia-contratacao-de-ala-armador-para-a-largada-do-nbb.html","title":{"rendered":"Bras\u00edlia Basquete anuncia contrata\u00e7\u00e3o de ala\/armador para a largada do NBB"},"content":{"rendered":"\n<p>Foto: Arthur Ribeiro\/Ag\u00eancia de Not\u00edcias UniCEUB<\/p>\n\n\n\n<p>O Bras\u00edlia Basquete, agora com o patroc\u00ednio da Caixa Econ\u00f4mica Federal, anunciou, nesta sexta-feira (11), mais um refor\u00e7o para a temporada 2024\/2025 do Novo Basquete Brasil.<\/p>\n\n\n\n<p>A partir das 18h deste s\u00e1bado (12), o time enfrenta o Minas T\u00eanis Clube, na Arena UniBH, em Belo Horizonte\/MG. E o elenco de alien\u00edgenas ter\u00e1 mais um refor\u00e7o: o ala\/armador Anton Cook, de 29 anos.<\/p>\n\n\n\n<p>Cook volta a atuar por um time brasileiro no NBB depois de tr\u00eas temporadas. A \u00faltima vez que jogou pela competi\u00e7\u00e3o nacional foi na temporada 2020\/2021, onde vestiu a camisa do Campo Mour\u00e3o\/PR.<\/p>\n\n\n\n<p>O americano nascido em Oklahoma teve outras duas passagens pelo basquete brasileiro: na temporada 2017\/2018 atuou pela Liga Sorocabana\/SP e, na temporada 2018\/2019, jogou pelo Joinville\/SC, onde obteve uma m\u00e9dia de 18.7 pontos por jogo. Em duas oportunidades, Cook chegou ao recorde da carreira: 38 pontos em um \u00fanico confronto.<\/p>\n\n\n\n<p><strong>Time pronto<\/strong><\/p>\n\n\n\n<p>Para o jogo deste s\u00e1bado, o t\u00e9cnico Ded\u00e9 Barbosa tem todo o elenco \u00e0 disposi\u00e7\u00e3o, exceto Cook, que ainda n\u00e3o tem condi\u00e7\u00f5es de jogo.<\/p>\n\n\n\n<p>\u201cEstamos preparados, fizemos um bom torneio de pr\u00e9 temporada e vamos competir com todas as equipes. Entrega, dedica\u00e7\u00e3o e um bom basquete n\u00e3o v\u00e3o faltar\u201d, disse o t\u00e9cnico candango, que vai para a terceira temporada com a camisa do Bras\u00edlia Basquete.<\/p>\n\n\n\n<p>A prepara\u00e7\u00e3o da equipe contou com a participa\u00e7\u00e3o no Torneio de Abertura do NBB, onde o Bras\u00edlia terminou a disputa na quarta posi\u00e7\u00e3o. J\u00e1 o Minas foi o vencedor da competi\u00e7\u00e3o.<\/p>\n","protected":false},"excerpt":{"rendered":"<p>Nascido em Oklahoma, Anton Cook, de 29 anos, desembarca na capital federal para as disputas do NBB 17<\/p>\n","protected":false},"author":2,"featured_media":26651,"comment_status":"closed","ping_status":"closed","sticky":false,"template":"","format":"standard","meta":{"footnotes":""},"categories":[12],"tags":[],"class_list":["post-26650","post","type-post","status-publish","format-standard","has-post-thumbnail","hentry","category-basquete"],"_links":{"self":[{"href":"https:\/\/www.esportesbrasilia.com.br\/noticias\/wp-json\/wp\/v2\/posts\/26650","targetHints":{"allow":["GET"]}}],"collection":[{"href":"https:\/\/www.esportesbrasilia.com.br\/noticias\/wp-json\/wp\/v2\/posts"}],"about":[{"href":"https:\/\/www.esportesbrasilia.com.br\/noticias\/wp-json\/wp\/v2\/types\/post"}],"author":[{"embeddable":true,"href":"https:\/\/www.esportesbrasilia.com.br\/noticias\/wp-json\/wp\/v2\/users\/2"}],"replies":[{"embeddable":true,"href":"https:\/\/www.esportesbrasilia.com.br\/noticias\/wp-json\/wp\/v2\/comments?post=26650"}],"version-history":[{"count":1,"href":"https:\/\/www.esportesbrasilia.com.br\/noticias\/wp-json\/wp\/v2\/posts\/26650\/revisions"}],"predecessor-version":[{"id":26652,"href":"https:\/\/www.esportesbrasilia.com.br\/noticias\/wp-json\/wp\/v2\/posts\/26650\/revisions\/26652"}],"wp:featuredmedia":[{"embeddable":true,"href":"https:\/\/www.esportesbrasilia.com.br\/noticias\/wp-json\/wp\/v2\/media\/26651"}],"wp:attachment":[{"href":"https:\/\/www.esportesbrasilia.com.br\/noticias\/wp-json\/wp\/v2\/media?parent=26650"}],"wp:term":[{"taxonomy":"category","embeddable":true,"href":"https:\/\/www.esportesbrasilia.com.br\/noticias\/wp-json\/wp\/v2\/categories?post=26650"},{"taxonomy":"post_tag","embeddable":true,"href":"https:\/\/www.esportesbrasilia.com.br\/noticias\/wp-json\/wp\/v2\/tags?post=26650"}],"curies":[{"name":"wp","href":"https:\/\/api.w.org\/{rel}","templated":true}]}}