{"id":26631,"date":"2024-10-10T22:55:05","date_gmt":"2024-10-11T01:55:05","guid":{"rendered":"https:\/\/www.esportesbrasilia.com.br\/noticias\/?p=26631"},"modified":"2024-10-10T23:02:42","modified_gmt":"2024-10-11T02:02:42","slug":"distrito-federal-tera-tres-representantes-na-copinha-2025","status":"publish","type":"post","link":"https:\/\/www.esportesbrasilia.com.br\/noticias\/futebol\/distrito-federal-tera-tres-representantes-na-copinha-2025.html","title":{"rendered":"Distrito Federal ter\u00e1 tr\u00eas representantes na Copinha 2025"},"content":{"rendered":"\n<p>\u00c9 oficial. O Distrito Federal ter\u00e1 tr\u00eas representantes, pela segunda vez, na Copa S\u00e3o Paulo de Futebol Junior. A informa\u00e7\u00e3o foi confirmada pelo diretor de Competi\u00e7\u00f5es da FFDF, M\u00e1rcio Coutinho, em entrevista ao programa <em>De Prima<\/em> da <strong>Esportes Bras\u00edlia<\/strong>.<\/p>\n\n\n\n<p>Al\u00e9m de Real Bras\u00edlia e Brasiliense, os dois finalistas do Candang\u00e3o Sub-20 deste ano, o Cana\u00e3 foi convidado, pela segunda vez consecutiva, pela Federa\u00e7\u00e3o Paulista de Futebol, organizadora do torneio.<\/p>\n\n\n\n<p>Na edi\u00e7\u00e3o de 2024, o Vento Forte acabou eliminado logo na primeira fase da competi\u00e7\u00e3o ap\u00f3s perder os tr\u00eas jogos que disputou.<\/p>\n\n\n\n<p>J\u00e1 o Real Bras\u00edlia volta a disputar a competi\u00e7\u00e3o ap\u00f3s tr\u00eas anos de aus\u00eancia. Em 2022, o Le\u00e3o do Planalto classificou-se para a segunda fase da disputa, mas acabou eliminado pelo conterr\u00e2neo Cana\u00e3. Na ocasi\u00e3o, o Cana\u00e3 ainda representava o estado da Bahia.<\/p>\n\n\n\n<p>Para o Brasiliense, \u00e9 um retorno de matar as saudades, uma vez que o Jacar\u00e9 n\u00e3o participava da Copinha desde 2010, quando representou o Distrito Federal ao lado do CFZ.<\/p>\n\n\n\n<p>A Federa\u00e7\u00e3o Paulista de Futebol n\u00e3o divulgou as datas e os locais da competi\u00e7\u00e3o. A previs\u00e3o \u00e9 que o sorteio aconte\u00e7a em novembro.<\/p>\n","protected":false},"excerpt":{"rendered":"<p>Al\u00e9m dos finalistas do Candang\u00e3o Sub-20 deste ano, time ca\u00e7ula do Distrito Federal vai representar a capital federal<\/p>\n","protected":false},"author":2,"featured_media":22535,"comment_status":"closed","ping_status":"closed","sticky":false,"template":"","format":"standard","meta":{"footnotes":""},"categories":[8],"tags":[],"class_list":["post-26631","post","type-post","status-publish","format-standard","has-post-thumbnail","hentry","category-futebol"],"_links":{"self":[{"href":"https:\/\/www.esportesbrasilia.com.br\/noticias\/wp-json\/wp\/v2\/posts\/26631","targetHints":{"allow":["GET"]}}],"collection":[{"href":"https:\/\/www.esportesbrasilia.com.br\/noticias\/wp-json\/wp\/v2\/posts"}],"about":[{"href":"https:\/\/www.esportesbrasilia.com.br\/noticias\/wp-json\/wp\/v2\/types\/post"}],"author":[{"embeddable":true,"href":"https:\/\/www.esportesbrasilia.com.br\/noticias\/wp-json\/wp\/v2\/users\/2"}],"replies":[{"embeddable":true,"href":"https:\/\/www.esportesbrasilia.com.br\/noticias\/wp-json\/wp\/v2\/comments?post=26631"}],"version-history":[{"count":1,"href":"https:\/\/www.esportesbrasilia.com.br\/noticias\/wp-json\/wp\/v2\/posts\/26631\/revisions"}],"predecessor-version":[{"id":26632,"href":"https:\/\/www.esportesbrasilia.com.br\/noticias\/wp-json\/wp\/v2\/posts\/26631\/revisions\/26632"}],"wp:featuredmedia":[{"embeddable":true,"href":"https:\/\/www.esportesbrasilia.com.br\/noticias\/wp-json\/wp\/v2\/media\/22535"}],"wp:attachment":[{"href":"https:\/\/www.esportesbrasilia.com.br\/noticias\/wp-json\/wp\/v2\/media?parent=26631"}],"wp:term":[{"taxonomy":"category","embeddable":true,"href":"https:\/\/www.esportesbrasilia.com.br\/noticias\/wp-json\/wp\/v2\/categories?post=26631"},{"taxonomy":"post_tag","embeddable":true,"href":"https:\/\/www.esportesbrasilia.com.br\/noticias\/wp-json\/wp\/v2\/tags?post=26631"}],"curies":[{"name":"wp","href":"https:\/\/api.w.org\/{rel}","templated":true}]}}