{"id":26569,"date":"2024-09-30T17:49:41","date_gmt":"2024-09-30T20:49:41","guid":{"rendered":"https:\/\/www.esportesbrasilia.com.br\/noticias\/?p=26569"},"modified":"2024-09-30T17:49:43","modified_gmt":"2024-09-30T20:49:43","slug":"o-futebol-do-distrito-federal-esta-morto","status":"publish","type":"post","link":"https:\/\/www.esportesbrasilia.com.br\/noticias\/colunas\/o-futebol-do-distrito-federal-esta-morto.html","title":{"rendered":"O futebol do Distrito Federal est\u00e1 morto"},"content":{"rendered":"\n<p>\u00c9 bem verdade que 2024 teve pontos altos, baixos, previs\u00edveis e inesperados. Isso inclui o futebol daqui e \u00e9 natural pensar num todo com o \u00faltimo trimestre do ano come\u00e7ando nesta ter\u00e7a-feira (1\u00ba\/10). Entretanto, o ano do tr\u00e1gico futebol de Bras\u00edlia se finaliza em l\u00e1stimas maiores do que se aguardava e t\u00e3o somente se aguardam a defini\u00e7\u00e3o dos dois ascensos para o Candang\u00e3o 2025, j\u00e1 se faz retrospectiva nos campos locais. Pasmem.<\/p>\n\n\n\n<p>A dor de uma metr\u00f3pole (terceira maior do Brasil, de popula\u00e7\u00e3o igual \u00e0 do Uruguai) com a queda do Brasiliense \u00e9 maior do que a alegria que se teria pelo acesso \u00e0 S\u00e9rie C. Porque \u00e9 o time com a prerrogativa e obriga\u00e7\u00e3o de faz\u00ea-lo, baixo diversos aspectos. Porque seria inje\u00e7\u00e3o de moral e vergonha esportiva estar um nada acima do nada, como agora. <\/p>\n\n\n\n<p>E o grande tapa na cara veio na final da S\u00e9rie D: o ex de Winck, An\u00e1polis, vice, e o algoz, Retr\u00f4, campe\u00e3o. O Brasiliense era o segundo melhor time do campeonato na tabela dos classificados \u00e0s quartas de final, apenas atr\u00e1s do Maring\u00e1 (que subiu). E p\u00f4de ser o primeiro clube do Brasil a ser campe\u00e3o em tr\u00eas divis\u00f5es desde que o futebol no Brasil se joga em pontos corridos, ou seja, no novo s\u00e9culo. Seria o segundo hist\u00f3rico, ap\u00f3s o Sampaio Corr\u00eaa.<\/p>\n\n\n\n<p>Mas, moral e vergonha n\u00e3o combinam com o Jacar\u00e9. Quem dir\u00e1, ent\u00e3o, sobre o Real Bras\u00edlia? Que perdeu para um time treinado por um m\u00e9dico, atrasou sal\u00e1rios at\u00e9 n\u00e3o poder mais. Pode, logo, n\u00e3o ter sua casa. De milagre, n\u00e3o caiu no Brasileir\u00e3o Feminino. No masculino, dispens\u00e1vel e inacreditavelmente abaixo do rid\u00edculo. Era digno de cair \u00e0 Segundinha, se n\u00e3o houvesse time ainda pior no submundo do futebol de Bras\u00edlia.<\/p>\n\n\n\n<p>Se o m\u00e9rito existe, um dia haver\u00e1 de recompensar o presidente do Gama, Wendel Lopes. Que apesar de tra\u00eddo por um desservi\u00e7o de t\u00e9cnico como C\u00edcero J\u00fanior, de ter bloqueada a premia\u00e7\u00e3o de terceiro colocado do Candang\u00e3o e de entrar em recupera\u00e7\u00e3o judicial, faz, acontece, esclarece e d\u00e1 a cara a tapa pelo maior campe\u00e3o e mais popular de Bras\u00edlia. Um que fez entre os tantos que tentaram derrocar o alviverde no pleno esquecimento.<\/p>\n\n\n\n<p>Por outro lado, se o m\u00e9rito existe, um dia haver\u00e1 de redimir a arbitragem do Distrito Federal frente ao que apresentou Maguielson Lima Barbosa no \u00faltimo s\u00e1bado (28\/09). De estrutura a novas competi\u00e7\u00f5es, mostrando representatividade, a Federa\u00e7\u00e3o tenta fazer algo para posicionar melhor uma cidade que merece mais em um melhor lugar. <\/p>\n\n\n\n<p>Sem sucesso por ter sido atrapalhada por seus clubes federados e pelo que foi cotado seu melhor \u00e1rbitro, fiasco em hor\u00e1rio nobre e na elite nacional, envolvendo o l\u00edder do campeonato, nada menos. Tantos que fazem entre um que mostra porque Bras\u00edlia n\u00e3o \u00e9 lugar pra futebol.<\/p>\n\n\n\n<p>E n\u00e3o \u00e0 toa, no pa\u00eds que mais Copas do Mundo tem, de uma das melhores ligas do planeta, onde cada vez mais se assentam craques (brasileiros e estrangeiros), uma capital se forme assim, inexistente e impr\u00f3pria. Andamos ao caminho de n\u00e3o vermos mais as camisas de Gama, Brasiliense, Ceil\u00e2ndia e tantos, tantos outros que, hoje por hoje, n\u00e3o se veem mais em qualquer lugar da pr\u00f3pria cidade. Morremos. O futebol do Distrito Federal est\u00e1 morto.<\/p>\n\n\n\n<p><em>(*1960 &#8211; +2024)<\/em><\/p>\n","protected":false},"excerpt":{"rendered":"<p>J\u00e1 com possibilidade de retrospectiva, a decepcionante realidade da capital federal, apesar dos absurdos, cumpre com o esperado<\/p>\n","protected":false},"author":54,"featured_media":26484,"comment_status":"closed","ping_status":"closed","sticky":false,"template":"","format":"standard","meta":{"footnotes":""},"categories":[25,1029],"tags":[],"class_list":["post-26569","post","type-post","status-publish","format-standard","has-post-thumbnail","hentry","category-colunas","category-notatico"],"_links":{"self":[{"href":"https:\/\/www.esportesbrasilia.com.br\/noticias\/wp-json\/wp\/v2\/posts\/26569","targetHints":{"allow":["GET"]}}],"collection":[{"href":"https:\/\/www.esportesbrasilia.com.br\/noticias\/wp-json\/wp\/v2\/posts"}],"about":[{"href":"https:\/\/www.esportesbrasilia.com.br\/noticias\/wp-json\/wp\/v2\/types\/post"}],"author":[{"embeddable":true,"href":"https:\/\/www.esportesbrasilia.com.br\/noticias\/wp-json\/wp\/v2\/users\/54"}],"replies":[{"embeddable":true,"href":"https:\/\/www.esportesbrasilia.com.br\/noticias\/wp-json\/wp\/v2\/comments?post=26569"}],"version-history":[{"count":2,"href":"https:\/\/www.esportesbrasilia.com.br\/noticias\/wp-json\/wp\/v2\/posts\/26569\/revisions"}],"predecessor-version":[{"id":26571,"href":"https:\/\/www.esportesbrasilia.com.br\/noticias\/wp-json\/wp\/v2\/posts\/26569\/revisions\/26571"}],"wp:featuredmedia":[{"embeddable":true,"href":"https:\/\/www.esportesbrasilia.com.br\/noticias\/wp-json\/wp\/v2\/media\/26484"}],"wp:attachment":[{"href":"https:\/\/www.esportesbrasilia.com.br\/noticias\/wp-json\/wp\/v2\/media?parent=26569"}],"wp:term":[{"taxonomy":"category","embeddable":true,"href":"https:\/\/www.esportesbrasilia.com.br\/noticias\/wp-json\/wp\/v2\/categories?post=26569"},{"taxonomy":"post_tag","embeddable":true,"href":"https:\/\/www.esportesbrasilia.com.br\/noticias\/wp-json\/wp\/v2\/tags?post=26569"}],"curies":[{"name":"wp","href":"https:\/\/api.w.org\/{rel}","templated":true}]}}