{"id":26519,"date":"2024-09-13T11:35:00","date_gmt":"2024-09-13T14:35:00","guid":{"rendered":"https:\/\/www.esportesbrasilia.com.br\/noticias\/?p=26519"},"modified":"2024-09-14T11:45:05","modified_gmt":"2024-09-14T14:45:05","slug":"esportes-brasilia-estreia-de-prima-programa-de-entrevistas","status":"publish","type":"post","link":"https:\/\/www.esportesbrasilia.com.br\/noticias\/institucional\/esportes-brasilia-estreia-de-prima-programa-de-entrevistas.html","title":{"rendered":"Esportes Bras\u00edlia estreia &#8220;De Prima&#8221;, programa de entrevistas"},"content":{"rendered":"\n<p>Sexta-feira sempre \u00e9 dia de um bom papo, de uma boa conversa entre amigos, com os mais diversos assuntos. Essa \u00e9 a proposta do &#8220;De Prima&#8221;, novo programa da <strong>Esportes Bras\u00edlia<\/strong>.<\/p>\n\n\n\n<p>O programa, que ser\u00e1 apresentado pelo jornalista Rener Lopes, vai ao ar ao vivo todas as sextas-feiras, a partir das 20 horas.<\/p>\n\n\n\n<p>Com uma hora de dura\u00e7\u00e3o, o programa receber\u00e1 convidados que fazem parte do meio esportivo da capital federal, seja do futebol, basquete, v\u00f4lei, artes marciais&#8230; quem faz esporte passar\u00e1 pelo De Prima.<\/p>\n\n\n\n<p>O programa \u00e9 fruto de uma parceria com o portal <strong>DF \u00c1guas Claras<\/strong> e ficar\u00e1 dispon\u00edvel no canal do YouTube da Esportes Bras\u00edlia e do DF \u00c1guas Claras. No programa de estreia, o convidado \u00e9 o presidente do Ceil\u00e2ndia, Ari de Almeida, que vai falar sobre o Gato Preto e os bastidores do futebol. N\u00e3o perca!<\/p>\n","protected":false},"excerpt":{"rendered":"<p>Sexta-feira sempre \u00e9 dia de um bom papo, de uma boa conversa entre amigos, com os mais diversos assuntos. Essa \u00e9 a proposta do &#8220;De Prima&#8221;, novo programa da Esportes Bras\u00edlia. O programa, que ser\u00e1 apresentado pelo jornalista Rener Lopes, vai ao ar ao vivo todas as sextas-feiras, a partir das 20 horas. Com uma [&hellip;]<\/p>\n","protected":false},"author":2,"featured_media":26520,"comment_status":"closed","ping_status":"closed","sticky":false,"template":"","format":"standard","meta":{"footnotes":""},"categories":[27],"tags":[],"class_list":["post-26519","post","type-post","status-publish","format-standard","has-post-thumbnail","hentry","category-institucional"],"_links":{"self":[{"href":"https:\/\/www.esportesbrasilia.com.br\/noticias\/wp-json\/wp\/v2\/posts\/26519","targetHints":{"allow":["GET"]}}],"collection":[{"href":"https:\/\/www.esportesbrasilia.com.br\/noticias\/wp-json\/wp\/v2\/posts"}],"about":[{"href":"https:\/\/www.esportesbrasilia.com.br\/noticias\/wp-json\/wp\/v2\/types\/post"}],"author":[{"embeddable":true,"href":"https:\/\/www.esportesbrasilia.com.br\/noticias\/wp-json\/wp\/v2\/users\/2"}],"replies":[{"embeddable":true,"href":"https:\/\/www.esportesbrasilia.com.br\/noticias\/wp-json\/wp\/v2\/comments?post=26519"}],"version-history":[{"count":1,"href":"https:\/\/www.esportesbrasilia.com.br\/noticias\/wp-json\/wp\/v2\/posts\/26519\/revisions"}],"predecessor-version":[{"id":26521,"href":"https:\/\/www.esportesbrasilia.com.br\/noticias\/wp-json\/wp\/v2\/posts\/26519\/revisions\/26521"}],"wp:featuredmedia":[{"embeddable":true,"href":"https:\/\/www.esportesbrasilia.com.br\/noticias\/wp-json\/wp\/v2\/media\/26520"}],"wp:attachment":[{"href":"https:\/\/www.esportesbrasilia.com.br\/noticias\/wp-json\/wp\/v2\/media?parent=26519"}],"wp:term":[{"taxonomy":"category","embeddable":true,"href":"https:\/\/www.esportesbrasilia.com.br\/noticias\/wp-json\/wp\/v2\/categories?post=26519"},{"taxonomy":"post_tag","embeddable":true,"href":"https:\/\/www.esportesbrasilia.com.br\/noticias\/wp-json\/wp\/v2\/tags?post=26519"}],"curies":[{"name":"wp","href":"https:\/\/api.w.org\/{rel}","templated":true}]}}